{"id":16962,"date":"2020-08-19T14:11:50","date_gmt":"2020-08-19T17:11:50","guid":{"rendered":"https:\/\/www.ifbaiano.edu.br\/unidades\/lapa\/?p=16962"},"modified":"2020-08-25T17:54:32","modified_gmt":"2020-08-25T20:54:32","slug":"ensaio-virtual-do-festival-de-arte-e-musica-2020","status":"publish","type":"post","link":"https:\/\/www.ifbaiano.edu.br\/unidades\/lapa\/2020\/08\/19\/ensaio-virtual-do-festival-de-arte-e-musica-2020\/","title":{"rendered":"Ensaio Virtual do Festival de Arte e M\u00fasica 2020"},"content":{"rendered":"\n<p>O Ensaio consistir\u00e1 da exibi\u00e7\u00e3o de um espet\u00e1culo no Youtube e Facebook do <em>Campus<\/em> Bom Jesus da Lapa, a ocorrer no dia 4 de setembro, das 19 \u00e0s 21 horas. Para a confec\u00e7\u00e3o do v\u00eddeo que ser\u00e1 exibido, foi aberta\netapa de inscri\u00e7\u00f5es que se iniciou no dia 10 e vai at\u00e9 o dia 23 de\nagosto. Durante esse per\u00edodo, todo p\u00fablico-alvo interessado poder\u00e1\ninscrever sua apresenta\u00e7\u00e3o, <em>online<\/em>, considerando cada um dos\nformatos, que s\u00e3o: m\u00fasica, dan\u00e7a, teatro, <em>stand up<\/em>, fotografia e grafite. Cada inscrito dever\u00e1 produzir um v\u00eddeo de 2 a 5 minutos, considerando a tem\u00e1tica do evento (Nordeste, nossa raiz) e enviar via <em>Whatsapp<\/em> (77 8101-4162).<\/p>\n<p>As orienta\u00e7\u00f5es s\u00e3o as seguintes:<\/p>\n<ol>\n\n<li>Os v\u00eddeos dever\u00e3o conter entre 2 e 5 minutos;<\/li>\n<li>Dever\u00e3o ser gravados obrigatoriamente no formato horizontal;<\/li>\n<li>Escolher um local claro e sem barulho;<\/li>\n<li>As apresenta\u00e7\u00f5es dever\u00e3o estar devidamente caracterizadas;<\/li>\n<li>Evite falar muito baixo. A apresenta\u00e7\u00e3o deve imprimir sonoridade e expressividade;<\/li>\n<li>Caso a grava\u00e7\u00e3o seja com mais de um membro, utilizar algum recurso visual de edi\u00e7\u00e3o, sendo proibidas grava\u00e7\u00f5es coletivas presenciais;<\/li>\n<li>Enviar o v\u00eddeo para o whatsApp indicado dentro do prazo de inscri\u00e7\u00e3o estabelecido.<\/li>\n<\/ol>\n<p>O objetivo principal do Ensaio \u00e9 fortalecer as bases socioculturais e art\u00edsticas ao contemplar as diversidades culturais existentes, estimulando o interesse de discentes e servidores(as)\/colaboradores(as) pelas artes e culturas baiana e brasileira. Ao propor o ensaio do Festival de Arte e M\u00fasica: Nordeste, nossa raiz, buscou-se estimular as potencialidades art\u00edsticas dos estudantes e demais membros da comunidade.<\/p>\n<p><a href=\"https:\/\/docs.google.com\/forms\/d\/e\/1FAIpQLSeO6wQZpZUIVd0Zuo2Fyw5vvaBKWYKTv6k4VTEaMCc-qX3_uQ\/viewform\" target=\"_blank\" title=\"Inscri\u00e7\u00f5es Ensaio Virtual FAMIF\" rel=\"noopener noreferrer\">Incri\u00e7\u00f5es (P\u00e1gina externa, abre em nova aba)<\/a><\/p>\n<p>Whatsapp: (77) 8101-4162<\/p>\n","protected":false},"excerpt":{"rendered":"<p>O Ensaio consistir\u00e1 da exibi\u00e7\u00e3o de um espet\u00e1culo no Youtube e Facebook do Campus Bom Jesus da Lapa, a ocorrer no dia 4 de setembro, das 19 \u00e0s 21 horas. Para a confec\u00e7\u00e3o do v\u00eddeo que ser\u00e1 exibido, foi aberta etapa de inscri\u00e7\u00f5es que se iniciou no dia 10 e vai at\u00e9 o dia 23 [&hellip;]<\/p>\n","protected":false},"author":100,"featured_media":16764,"comment_status":"open","ping_status":"open","sticky":false,"template":"","format":"standard","meta":[],"categories":[64,24,40,65],"tags":[],"_links":{"self":[{"href":"https:\/\/www.ifbaiano.edu.br\/unidades\/lapa\/wp-json\/wp\/v2\/posts\/16962"}],"collection":[{"href":"https:\/\/www.ifbaiano.edu.br\/unidades\/lapa\/wp-json\/wp\/v2\/posts"}],"about":[{"href":"https:\/\/www.ifbaiano.edu.br\/unidades\/lapa\/wp-json\/wp\/v2\/types\/post"}],"author":[{"embeddable":true,"href":"https:\/\/www.ifbaiano.edu.br\/unidades\/lapa\/wp-json\/wp\/v2\/users\/100"}],"replies":[{"embeddable":true,"href":"https:\/\/www.ifbaiano.edu.br\/unidades\/lapa\/wp-json\/wp\/v2\/comments?post=16962"}],"version-history":[{"count":12,"href":"https:\/\/www.ifbaiano.edu.br\/unidades\/lapa\/wp-json\/wp\/v2\/posts\/16962\/revisions"}],"predecessor-version":[{"id":16974,"href":"https:\/\/www.ifbaiano.edu.br\/unidades\/lapa\/wp-json\/wp\/v2\/posts\/16962\/revisions\/16974"}],"wp:featuredmedia":[{"embeddable":true,"href":"https:\/\/www.ifbaiano.edu.br\/unidades\/lapa\/wp-json\/wp\/v2\/media\/16764"}],"wp:attachment":[{"href":"https:\/\/www.ifbaiano.edu.br\/unidades\/lapa\/wp-json\/wp\/v2\/media?parent=16962"}],"wp:term":[{"taxonomy":"category","embeddable":true,"href":"https:\/\/www.ifbaiano.edu.br\/unidades\/lapa\/wp-json\/wp\/v2\/categories?post=16962"},{"taxonomy":"post_tag","embeddable":true,"href":"https:\/\/www.ifbaiano.edu.br\/unidades\/lapa\/wp-json\/wp\/v2\/tags?post=16962"}],"curies":[{"name":"wp","href":"https:\/\/api.w.org\/{rel}","templated":true}]}}