{"id":16985,"date":"2020-08-21T07:59:10","date_gmt":"2020-08-21T10:59:10","guid":{"rendered":"https:\/\/www.ifbaiano.edu.br\/unidades\/lapa\/?p=16985"},"modified":"2020-08-27T20:50:52","modified_gmt":"2020-08-27T23:50:52","slug":"decimo-episodio-do-dedin-de-prosa","status":"publish","type":"post","link":"https:\/\/www.ifbaiano.edu.br\/unidades\/lapa\/2020\/08\/21\/decimo-episodio-do-dedin-de-prosa\/","title":{"rendered":"D\u00e9cimo epis\u00f3dio do &#8220;Dedin de Prosa&#8221;"},"content":{"rendered":"\n<p>No d\u00e9cimo epis\u00f3dio do Dedin de Prosa, as servidoras Carine e Luciana, tradutoras e int\u00e9rpretes de libras do IF Baiano, apresentam o tema &#8220;Pandemia e Empatia&#8221;, propondo uma breve reflex\u00e3o acerca da import\u00e2ncia de nos colocarmos no lugar do outro, tendo como foco a pessoa surda, que historicamente luta para sair de um isolamento imposto pelo pr\u00f3prio sistema social. Convidamos todos a acompanharem conosco mais um Dedin de Prosa! <\/p>\n\n\n\n<p> Clique na imagem abaixo para acessar o podcast ou no v\u00eddeo para acompanhar o epis\u00f3dio para ouvintes e surdos. <\/p>\n\n\n\n<figure class=\"wp-block-image size-large is-resized\"><a href=\"https:\/\/anchor.fm\/dedin-de-prosa\/episodes\/Episdio-11---Intersees-literrias-eioasq\/a-a328s5e\" target=\"_blank\" rel=\"noopener noreferrer\"><img decoding=\"async\" loading=\"lazy\" src=\"https:\/\/www.ifbaiano.edu.br\/unidades\/lapa\/files\/2020\/06\/dedin-de-prosa-lapa-itapetinga.png\" alt=\"D\u00e9cimo epis\u00f3dio do Podcast Dedin de Prosa\" class=\"wp-image-16271\" width=\"270\" height=\"270\"><\/a>\n\n\n\n<figure class=\"wp-block-embed-youtube wp-block-embed is-type-video is-provider-youtube wp-embed-aspect-16-9 wp-has-aspect-ratio\"><div class=\"wp-block-embed__wrapper\">\n<iframe loading=\"lazy\" title=\"10\u00ba Epis\u00f3dio do Podcast &quot;Dedin de Prosa&quot;\" width=\"500\" height=\"281\" src=\"https:\/\/www.youtube.com\/embed\/8WJXGD7r9Ro?feature=oembed\" frameborder=\"0\" allow=\"accelerometer; autoplay; encrypted-media; gyroscope; picture-in-picture\" allowfullscreen><\/iframe>\n<\/div><\/figure>\n","protected":false},"excerpt":{"rendered":"<p>No d\u00e9cimo epis\u00f3dio do Dedin de Prosa, as servidoras Carine e Luciana, tradutoras e int\u00e9rpretes de libras do IF Baiano, apresentam o tema &#8220;Pandemia e Empatia&#8221;, propondo uma breve reflex\u00e3o acerca da import\u00e2ncia de nos colocarmos no lugar do outro, tendo como foco a pessoa surda, que historicamente luta para sair de um isolamento imposto [&hellip;]<\/p>\n","protected":false},"author":100,"featured_media":16271,"comment_status":"open","ping_status":"open","sticky":false,"template":"","format":"standard","meta":[],"categories":[24,40,65],"tags":[],"_links":{"self":[{"href":"https:\/\/www.ifbaiano.edu.br\/unidades\/lapa\/wp-json\/wp\/v2\/posts\/16985"}],"collection":[{"href":"https:\/\/www.ifbaiano.edu.br\/unidades\/lapa\/wp-json\/wp\/v2\/posts"}],"about":[{"href":"https:\/\/www.ifbaiano.edu.br\/unidades\/lapa\/wp-json\/wp\/v2\/types\/post"}],"author":[{"embeddable":true,"href":"https:\/\/www.ifbaiano.edu.br\/unidades\/lapa\/wp-json\/wp\/v2\/users\/100"}],"replies":[{"embeddable":true,"href":"https:\/\/www.ifbaiano.edu.br\/unidades\/lapa\/wp-json\/wp\/v2\/comments?post=16985"}],"version-history":[{"count":6,"href":"https:\/\/www.ifbaiano.edu.br\/unidades\/lapa\/wp-json\/wp\/v2\/posts\/16985\/revisions"}],"predecessor-version":[{"id":17041,"href":"https:\/\/www.ifbaiano.edu.br\/unidades\/lapa\/wp-json\/wp\/v2\/posts\/16985\/revisions\/17041"}],"wp:featuredmedia":[{"embeddable":true,"href":"https:\/\/www.ifbaiano.edu.br\/unidades\/lapa\/wp-json\/wp\/v2\/media\/16271"}],"wp:attachment":[{"href":"https:\/\/www.ifbaiano.edu.br\/unidades\/lapa\/wp-json\/wp\/v2\/media?parent=16985"}],"wp:term":[{"taxonomy":"category","embeddable":true,"href":"https:\/\/www.ifbaiano.edu.br\/unidades\/lapa\/wp-json\/wp\/v2\/categories?post=16985"},{"taxonomy":"post_tag","embeddable":true,"href":"https:\/\/www.ifbaiano.edu.br\/unidades\/lapa\/wp-json\/wp\/v2\/tags?post=16985"}],"curies":[{"name":"wp","href":"https:\/\/api.w.org\/{rel}","templated":true}]}}