{"id":16995,"date":"2020-08-24T14:21:02","date_gmt":"2020-08-24T17:21:02","guid":{"rendered":"https:\/\/www.ifbaiano.edu.br\/unidades\/lapa\/?p=16995"},"modified":"2020-08-26T17:18:23","modified_gmt":"2020-08-26T20:18:23","slug":"prorrogacao-do-ensaio-virtual-do-famif-2020","status":"publish","type":"post","link":"https:\/\/www.ifbaiano.edu.br\/unidades\/lapa\/2020\/08\/24\/prorrogacao-do-ensaio-virtual-do-famif-2020\/","title":{"rendered":"Prorroga\u00e7\u00e3o do Ensaio Virtual do FAMIF 2020"},"content":{"rendered":"\n<p>A comiss\u00e3o respons\u00e1vel pelo ensaio virtual do FAMIF comunica que as inscri\u00e7\u00f5es e o envio dos v\u00eddeos foram prorrogadas at\u00e9 a quinta-feira, 27 de agosto de 2020. As inscri\u00e7\u00f5es est\u00e3o sendo feitas no seguinte link: <a href=\"https:\/\/docs.google.com\/forms\/d\/1liPsg_h57IXiHhqufzDMT-IY3Z-KRue92D4ZfkE4I5E\/edit#response=ACYDBNjwLgshlflfkBWGeF0kRePRzfwaXN84HaB5KBeCXMVnuKBaU4wNlJLOi053fzul_XU\">Inscri\u00e7\u00f5es Ensaio Virtual FAMIF 2020<\/a><\/p>\n\n\n\n<p>Qual \u00e9 o formato da apresenta\u00e7\u00e3o? *<\/p>\n\n\n\n<p>Interpreta\u00e7\u00e3o musical autoral<br>\nInterpreta\u00e7\u00e3o musical n\u00e3o autoral<br>\nM\u00fasica Instrumental<br>\nDeclama\u00e7\u00e3o de poema\/poesia autoral<br>\nTeatro, stand up comedy e arte circense<br>\nDan\u00e7a<br>\nArtes visuais: fotografia ou grafite<\/p>\n","protected":false},"excerpt":{"rendered":"<p>A comiss\u00e3o respons\u00e1vel pelo ensaio virtual do FAMIF comunica que as inscri\u00e7\u00f5es e o envio dos v\u00eddeos foram prorrogadas at\u00e9 a quinta-feira, 27 de agosto de 2020. As inscri\u00e7\u00f5es est\u00e3o sendo feitas no seguinte link: Inscri\u00e7\u00f5es Ensaio Virtual FAMIF 2020 Qual \u00e9 o formato da apresenta\u00e7\u00e3o? * Interpreta\u00e7\u00e3o musical autoral Interpreta\u00e7\u00e3o musical n\u00e3o autoral M\u00fasica [&hellip;]<\/p>\n","protected":false},"author":100,"featured_media":16764,"comment_status":"open","ping_status":"open","sticky":false,"template":"","format":"standard","meta":[],"categories":[30,24,40,65],"tags":[],"_links":{"self":[{"href":"https:\/\/www.ifbaiano.edu.br\/unidades\/lapa\/wp-json\/wp\/v2\/posts\/16995"}],"collection":[{"href":"https:\/\/www.ifbaiano.edu.br\/unidades\/lapa\/wp-json\/wp\/v2\/posts"}],"about":[{"href":"https:\/\/www.ifbaiano.edu.br\/unidades\/lapa\/wp-json\/wp\/v2\/types\/post"}],"author":[{"embeddable":true,"href":"https:\/\/www.ifbaiano.edu.br\/unidades\/lapa\/wp-json\/wp\/v2\/users\/100"}],"replies":[{"embeddable":true,"href":"https:\/\/www.ifbaiano.edu.br\/unidades\/lapa\/wp-json\/wp\/v2\/comments?post=16995"}],"version-history":[{"count":4,"href":"https:\/\/www.ifbaiano.edu.br\/unidades\/lapa\/wp-json\/wp\/v2\/posts\/16995\/revisions"}],"predecessor-version":[{"id":17000,"href":"https:\/\/www.ifbaiano.edu.br\/unidades\/lapa\/wp-json\/wp\/v2\/posts\/16995\/revisions\/17000"}],"wp:featuredmedia":[{"embeddable":true,"href":"https:\/\/www.ifbaiano.edu.br\/unidades\/lapa\/wp-json\/wp\/v2\/media\/16764"}],"wp:attachment":[{"href":"https:\/\/www.ifbaiano.edu.br\/unidades\/lapa\/wp-json\/wp\/v2\/media?parent=16995"}],"wp:term":[{"taxonomy":"category","embeddable":true,"href":"https:\/\/www.ifbaiano.edu.br\/unidades\/lapa\/wp-json\/wp\/v2\/categories?post=16995"},{"taxonomy":"post_tag","embeddable":true,"href":"https:\/\/www.ifbaiano.edu.br\/unidades\/lapa\/wp-json\/wp\/v2\/tags?post=16995"}],"curies":[{"name":"wp","href":"https:\/\/api.w.org\/{rel}","templated":true}]}}