{"id":17015,"date":"2020-08-26T10:27:51","date_gmt":"2020-08-26T13:27:51","guid":{"rendered":"https:\/\/www.ifbaiano.edu.br\/unidades\/lapa\/?p=17015"},"modified":"2020-09-03T08:07:47","modified_gmt":"2020-09-03T11:07:47","slug":"alunos-conectados-if-baiano","status":"publish","type":"post","link":"https:\/\/www.ifbaiano.edu.br\/unidades\/lapa\/2020\/08\/26\/alunos-conectados-if-baiano\/","title":{"rendered":"Alunos Conectados &#8211; IF Baiano"},"content":{"rendered":"\n<p>Em virtude de demanda da SETEC\/MEC por meio do Projeto Alunos Conectados \u2013 RNP\/MEC que prop\u00f5e a Disponibiliza\u00e7\u00e3o e monitoramento de pacote de dados m\u00f3veis fornecidos por operadoras de Servi\u00e7o M\u00f3vel Pessoal para estudantes em situa\u00e7\u00e3o de vulnerabilidade socioecon\u00f4mica com renda mensal inferior a meio sal\u00e1rio-m\u00ednimo, com vistas ao acesso \u00e0 internet dos estudantes para o desenvolvimento de suas atividades acad\u00eamicas, fora do campus de sua institui\u00e7\u00e3o de ensino, ser\u00e1 necess\u00e1rio obtermos informa\u00e7\u00f5es reais e precisas sobre o quantitativo de estudantes do IF Baiano que atenda aos requisitos propostos pelo projeto. Ao responder o question\u00e1rio o estudante est\u00e1 ciente que ter\u00e1 que comprovar as informa\u00e7\u00f5es posteriormente.<\/p>\n\n\n\n<p>Clique na imagem para acessar o formul\u00e1rio<\/p>\n\n\n\n<figure class=\"wp-block-image size-large\"><a href=\"http:\/\/opinanovo.ifbaiano.edu.br\/index.php\/663334?lang=pt-BR\" target=\"_blank\" title=\"Formul\u00e1rio Opina - Alunos Conectados (abre em nova aba)\" rel=\"noopener noreferrer\"><img decoding=\"async\" loading=\"lazy\" width=\"1080\" height=\"1080\" src=\"https:\/\/www.ifbaiano.edu.br\/unidades\/lapa\/files\/2020\/08\/card_opina_alunos_conectados.jpeg\" alt=\"Alunos Conectados\" class=\"wp-image-17014\"><\/a><figcaption>Alunos conectados<\/figcaption><\/figure>\n","protected":false},"excerpt":{"rendered":"<p>Em virtude de demanda da SETEC\/MEC por meio do Projeto Alunos Conectados \u2013 RNP\/MEC que prop\u00f5e a Disponibiliza\u00e7\u00e3o e monitoramento de pacote de dados m\u00f3veis fornecidos por operadoras de Servi\u00e7o M\u00f3vel Pessoal para estudantes em situa\u00e7\u00e3o de vulnerabilidade socioecon\u00f4mica com renda mensal inferior a meio sal\u00e1rio-m\u00ednimo, com vistas ao acesso \u00e0 internet dos estudantes para [&hellip;]<\/p>\n","protected":false},"author":100,"featured_media":17014,"comment_status":"open","ping_status":"open","sticky":false,"template":"","format":"standard","meta":[],"categories":[64,30,24,65],"tags":[],"_links":{"self":[{"href":"https:\/\/www.ifbaiano.edu.br\/unidades\/lapa\/wp-json\/wp\/v2\/posts\/17015"}],"collection":[{"href":"https:\/\/www.ifbaiano.edu.br\/unidades\/lapa\/wp-json\/wp\/v2\/posts"}],"about":[{"href":"https:\/\/www.ifbaiano.edu.br\/unidades\/lapa\/wp-json\/wp\/v2\/types\/post"}],"author":[{"embeddable":true,"href":"https:\/\/www.ifbaiano.edu.br\/unidades\/lapa\/wp-json\/wp\/v2\/users\/100"}],"replies":[{"embeddable":true,"href":"https:\/\/www.ifbaiano.edu.br\/unidades\/lapa\/wp-json\/wp\/v2\/comments?post=17015"}],"version-history":[{"count":7,"href":"https:\/\/www.ifbaiano.edu.br\/unidades\/lapa\/wp-json\/wp\/v2\/posts\/17015\/revisions"}],"predecessor-version":[{"id":17031,"href":"https:\/\/www.ifbaiano.edu.br\/unidades\/lapa\/wp-json\/wp\/v2\/posts\/17015\/revisions\/17031"}],"wp:featuredmedia":[{"embeddable":true,"href":"https:\/\/www.ifbaiano.edu.br\/unidades\/lapa\/wp-json\/wp\/v2\/media\/17014"}],"wp:attachment":[{"href":"https:\/\/www.ifbaiano.edu.br\/unidades\/lapa\/wp-json\/wp\/v2\/media?parent=17015"}],"wp:term":[{"taxonomy":"category","embeddable":true,"href":"https:\/\/www.ifbaiano.edu.br\/unidades\/lapa\/wp-json\/wp\/v2\/categories?post=17015"},{"taxonomy":"post_tag","embeddable":true,"href":"https:\/\/www.ifbaiano.edu.br\/unidades\/lapa\/wp-json\/wp\/v2\/tags?post=17015"}],"curies":[{"name":"wp","href":"https:\/\/api.w.org\/{rel}","templated":true}]}}