{"id":17025,"date":"2020-08-26T11:27:22","date_gmt":"2020-08-26T14:27:22","guid":{"rendered":"https:\/\/www.ifbaiano.edu.br\/unidades\/lapa\/?p=17025"},"modified":"2020-08-28T10:35:00","modified_gmt":"2020-08-28T13:35:00","slug":"ii-simposio-sobre-educacao-inclusiva-no-territorio-velho-chico","status":"publish","type":"post","link":"https:\/\/www.ifbaiano.edu.br\/unidades\/lapa\/2020\/08\/26\/ii-simposio-sobre-educacao-inclusiva-no-territorio-velho-chico\/","title":{"rendered":"II Simp\u00f3sio sobre Educa\u00e7\u00e3o Inclusiva no Territ\u00f3rio Velho Chico"},"content":{"rendered":"\n<p>Acontecer\u00e1, nos dias 17 e 18 de setembro, o II Simp\u00f3sio sobre Educa\u00e7\u00e3o Inclusiva no Territ\u00f3rio Velho Chico. O evento ser\u00e1 realizado no formato online, (Websimp\u00f3sio), com o tema &#8220;Educa\u00e7\u00e3o Especial em foco: Aprimorando Saberes Sobre a Inclus\u00e3o&#8221;. No primeiro dia pela manh\u00e3, haver\u00e1 01 (uma) live, das 9h30min \u00e1s 11h30min, e a tarde ocorrer\u00e1 outra, das 14h00min \u00e1s 15h00min ( logo divulgaremos os nomes dos palestrantes ). No dia 18, segundo dia, ofertaremos 03  minicursos.  No formul\u00e1rio de inscri\u00e7\u00e3o constam Informa\u00e7\u00f5es sobre  hor\u00e1rios e tem\u00e1ticas.<\/p>\n\n\n\n<a href=\"https:\/\/docs.google.com\/forms\/d\/e\/1FAIpQLSfdRbnWbM5RiVQpbKhYHQTskCJxXNeZiJz5XLsWhpL9kd3Crg\/viewform?usp=sf_link\" title=\"Inscri\u00e7\u00f5es II Simp\u00f3sio de Educa\u00e7\u00e3o Inclusiva do Territ\u00f3rio Velho Chico\" target=\"_blank\" rel=\"noopener noreferrer\">Inscri\u00e7\u00f5es (link externo, abre outra aba)<\/a>\n<p>Whatsapp para d\u00favidas: (77) 99100-2839\n\n\n\n<figure class=\"wp-block-image size-large\"><img decoding=\"async\" loading=\"lazy\" width=\"1080\" height=\"1080\" src=\"https:\/\/www.ifbaiano.edu.br\/unidades\/lapa\/files\/2020\/08\/simposio_educacao_inclusiva.jpeg\" alt=\"\" class=\"wp-image-17024\" \/><figcaption>#PraTodosVerem<br> #PraCegoVer<br> Descri\u00e7\u00e3o da Imagem:<br> Cartaz no formato quadricular com uma imagem fosca ao fundo.<br> Texto alinhado a esquerda em amarelo: Segundo Simp\u00f3sio Sobre Educa\u00e7\u00e3o Inclusiva do Territ\u00f3rio Velho Chico.<br> Abaixo do texto: s\u00edmbolos coloridos sobre Educa\u00e7\u00e3o Inclusiva.<br> No canto superior direito: s\u00edmbolo de Interpreta\u00e7\u00e3o em Libras com fundo em azul, e duas m\u00e3os em branco fazendo sinal de Libras.<br> No Centro, texto centralizado em branco: Educa\u00e7\u00e3o especial em foco.<br> Texto centralizado em amarelo: Aprimorando saberes sobre a inclus\u00e3o.<br> Texto centralizado em branco: Evento online com palestras e minicursos.<br> Faixa amarela com texto centralizado em marom: 17 e 18 de setembro de 2020.<br> No canto inferior esquerdo texto em branco e amarelo anuncia: Participe do canal no Youtube IF Baiano Campus Lapa.<br> No canto inferior direito: Logomarca do Instituto Federal Baiano \u2013 Campus Bom Jesus da Lapa.<\/figcaption><\/figure>\n","protected":false},"excerpt":{"rendered":"<p>Acontecer\u00e1, nos dias 17 e 18 de setembro, o II Simp\u00f3sio sobre Educa\u00e7\u00e3o Inclusiva no Territ\u00f3rio Velho Chico. O evento ser\u00e1 realizado no formato online, (Websimp\u00f3sio), com o tema &#8220;Educa\u00e7\u00e3o Especial em foco: Aprimorando Saberes Sobre a Inclus\u00e3o&#8221;. No primeiro dia pela manh\u00e3, haver\u00e1 01 (uma) live, das 9h30min \u00e1s 11h30min, e a tarde ocorrer\u00e1 [&hellip;]<\/p>\n","protected":false},"author":100,"featured_media":17024,"comment_status":"open","ping_status":"open","sticky":false,"template":"","format":"standard","meta":[],"categories":[64,24,65],"tags":[],"_links":{"self":[{"href":"https:\/\/www.ifbaiano.edu.br\/unidades\/lapa\/wp-json\/wp\/v2\/posts\/17025"}],"collection":[{"href":"https:\/\/www.ifbaiano.edu.br\/unidades\/lapa\/wp-json\/wp\/v2\/posts"}],"about":[{"href":"https:\/\/www.ifbaiano.edu.br\/unidades\/lapa\/wp-json\/wp\/v2\/types\/post"}],"author":[{"embeddable":true,"href":"https:\/\/www.ifbaiano.edu.br\/unidades\/lapa\/wp-json\/wp\/v2\/users\/100"}],"replies":[{"embeddable":true,"href":"https:\/\/www.ifbaiano.edu.br\/unidades\/lapa\/wp-json\/wp\/v2\/comments?post=17025"}],"version-history":[{"count":6,"href":"https:\/\/www.ifbaiano.edu.br\/unidades\/lapa\/wp-json\/wp\/v2\/posts\/17025\/revisions"}],"predecessor-version":[{"id":17033,"href":"https:\/\/www.ifbaiano.edu.br\/unidades\/lapa\/wp-json\/wp\/v2\/posts\/17025\/revisions\/17033"}],"wp:featuredmedia":[{"embeddable":true,"href":"https:\/\/www.ifbaiano.edu.br\/unidades\/lapa\/wp-json\/wp\/v2\/media\/17024"}],"wp:attachment":[{"href":"https:\/\/www.ifbaiano.edu.br\/unidades\/lapa\/wp-json\/wp\/v2\/media?parent=17025"}],"wp:term":[{"taxonomy":"category","embeddable":true,"href":"https:\/\/www.ifbaiano.edu.br\/unidades\/lapa\/wp-json\/wp\/v2\/categories?post=17025"},{"taxonomy":"post_tag","embeddable":true,"href":"https:\/\/www.ifbaiano.edu.br\/unidades\/lapa\/wp-json\/wp\/v2\/tags?post=17025"}],"curies":[{"name":"wp","href":"https:\/\/api.w.org\/{rel}","templated":true}]}}