{"id":17038,"date":"2020-08-28T07:34:00","date_gmt":"2020-08-28T10:34:00","guid":{"rendered":"https:\/\/www.ifbaiano.edu.br\/unidades\/lapa\/?p=17038"},"modified":"2020-08-28T11:53:45","modified_gmt":"2020-08-28T14:53:45","slug":"decimo-primeiro-episodio-do-dedin-de-prosa-episodio-especial","status":"publish","type":"post","link":"https:\/\/www.ifbaiano.edu.br\/unidades\/lapa\/2020\/08\/28\/decimo-primeiro-episodio-do-dedin-de-prosa-episodio-especial\/","title":{"rendered":"D\u00e9cimo Primeiro epis\u00f3dio do \u201cDedin de Prosa\u201d + Epis\u00f3dio Especial"},"content":{"rendered":"\n<p>No d\u00e9cimo primeiro epis\u00f3dio do Dedin de Prosa apresenta interse\u00e7\u00f5es liter\u00e1rias. A servidora Valdineia e o servidor Junio apresentam a literatura como algo intr\u00ednseco \u00e0 condi\u00e7\u00e3o humana, pois possibilita o encontro com o outro, a troca de sentimentos, agu\u00e7a a criatividade e o desejo de um mundo melhor. Terminam a reflex\u00e3o com uma linda cr\u00f4nica de Fernando Ver\u00edssimo. Apreciem!<\/p>\n\n\n\n<p>J\u00e1 no epis\u00f3dio especial, o Diretor Acad\u00eamico, professor Emerson, apresenta o Projeto alunos conectados, vinculado ao Minist\u00e9rio da Educa\u00e7\u00e3o, que busca verificar condi\u00e7\u00f5es de acesso \u00e0 internet, com vistas \u00e0 disponibiliza\u00e7\u00e3o de chip de telefonia, com 20 GB, para apoiar na realiza\u00e7\u00e3o de atividades acad\u00eamicas virtuais durante o per\u00edodo de pandemia. \u00c9 muito importante que todos os alunos acessem o \u00e1udio, para compreender os crit\u00e9rios que ser\u00e3o utilizados na sele\u00e7\u00e3o dos benefici\u00e1rios. Ou\u00e7am e tirem suas d\u00favidas!<\/p>\n\n\n\n<p>Clique em uma das figuras abaixo para escutar o epis\u00f3dio desejado  ou no v\u00eddeo para acompanhar o epis\u00f3dio para ouvintes e surdos.<\/p>\n\n\n\n<figure class=\"wp-block-gallery columns-2 is-cropped\"><ul class=\"blocks-gallery-grid\"><li class=\"blocks-gallery-item\"><figure><a href=\"https:\/\/anchor.fm\/dedin-de-prosa\/episodes\/Episdio-11---Intersees-literrias-eioasq\/a-a328s5e\" target=\"_blank\" rel=\"noopener noreferrer\"><img decoding=\"async\" loading=\"lazy\" width=\"1080\" height=\"1080\" src=\"https:\/\/www.ifbaiano.edu.br\/unidades\/lapa\/files\/2020\/06\/dedin-de-prosa-lapa-itapetinga.png\" alt=\"D\u00e9cimo primeiro epis\u00f3dio do Dedin de Prosa\" data-id=\"16271\" data-full-url=\"https:\/\/www.ifbaiano.edu.br\/unidades\/lapa\/files\/2020\/06\/dedin-de-prosa-lapa-itapetinga.png\" data-link=\"https:\/\/www.ifbaiano.edu.br\/unidades\/lapa\/2020\/06\/19\/primeiro-podcast-do-dedin-de-prosa\/dedin-de-prosa-lapa-itapetinga\/\" class=\"wp-image-16271\"><figcaption class=\"blocks-gallery-item__caption\">11\u00ba Epis\u00f3dio &#8211; Dedin de Prosa<\/figcaption><\/a><\/figure><\/li><li class=\"blocks-gallery-item\"><figure><a href=\"https:\/\/anchor.fm\/dedin-de-prosa\/episodes\/Episdio-Especial---Projeto-Alunos-Conectados-eiom9f\/a-a2r158p\" target=\"_blank\" rel=\"noopener noreferrer\"><img decoding=\"async\" src=\"https:\/\/www.ifbaiano.edu.br\/unidades\/lapa\/files\/2020\/06\/dedin-de-prosa-lapa-itapetinga.png\" alt=\"Epis\u00f3dio Especial do Dedin de Prosa\" data-id=\"16280\" data-full-url=\"https:\/\/www.ifbaiano.edu.br\/unidades\/lapa\/files\/2020\/06\/dedin-de-prosa-lapa-itapetinga.png\" data-link=\"https:\/\/www.ifbaiano.edu.br\/unidades\/lapa\/files\/2020\/06\/dedin-de-prosa-lapa-itapetinga.png\" class=\"wp-image-16280\"><figcaption class=\"blocks-gallery-item__caption\">Epis\u00f3dio Especial &#8211; Dedin de Prosa<\/figcaption><\/a><\/figure><\/li><\/ul><\/figure>\n\n\n\n<figure class=\"wp-block-embed-youtube wp-block-embed is-type-video is-provider-youtube wp-embed-aspect-16-9 wp-has-aspect-ratio\"><div class=\"wp-block-embed__wrapper\">\n<iframe loading=\"lazy\" title=\"11\u00ba Epis\u00f3dio do Podcast &quot;Dedin de Prosa&quot;\" width=\"500\" height=\"281\" src=\"https:\/\/www.youtube.com\/embed\/mkxUTdA7Mlo?feature=oembed\" frameborder=\"0\" allow=\"accelerometer; autoplay; encrypted-media; gyroscope; picture-in-picture\" allowfullscreen><\/iframe>\n<\/div><\/figure>\n","protected":false},"excerpt":{"rendered":"<p>No d\u00e9cimo primeiro epis\u00f3dio do Dedin de Prosa apresenta interse\u00e7\u00f5es liter\u00e1rias. A servidora Valdineia e o servidor Junio apresentam a literatura como algo intr\u00ednseco \u00e0 condi\u00e7\u00e3o humana, pois possibilita o encontro com o outro, a troca de sentimentos, agu\u00e7a a criatividade e o desejo de um mundo melhor. Terminam a reflex\u00e3o com uma linda cr\u00f4nica [&hellip;]<\/p>\n","protected":false},"author":100,"featured_media":16271,"comment_status":"open","ping_status":"open","sticky":false,"template":"","format":"standard","meta":[],"categories":[64,26,30,24,40,65],"tags":[],"_links":{"self":[{"href":"https:\/\/www.ifbaiano.edu.br\/unidades\/lapa\/wp-json\/wp\/v2\/posts\/17038"}],"collection":[{"href":"https:\/\/www.ifbaiano.edu.br\/unidades\/lapa\/wp-json\/wp\/v2\/posts"}],"about":[{"href":"https:\/\/www.ifbaiano.edu.br\/unidades\/lapa\/wp-json\/wp\/v2\/types\/post"}],"author":[{"embeddable":true,"href":"https:\/\/www.ifbaiano.edu.br\/unidades\/lapa\/wp-json\/wp\/v2\/users\/100"}],"replies":[{"embeddable":true,"href":"https:\/\/www.ifbaiano.edu.br\/unidades\/lapa\/wp-json\/wp\/v2\/comments?post=17038"}],"version-history":[{"count":13,"href":"https:\/\/www.ifbaiano.edu.br\/unidades\/lapa\/wp-json\/wp\/v2\/posts\/17038\/revisions"}],"predecessor-version":[{"id":17054,"href":"https:\/\/www.ifbaiano.edu.br\/unidades\/lapa\/wp-json\/wp\/v2\/posts\/17038\/revisions\/17054"}],"wp:featuredmedia":[{"embeddable":true,"href":"https:\/\/www.ifbaiano.edu.br\/unidades\/lapa\/wp-json\/wp\/v2\/media\/16271"}],"wp:attachment":[{"href":"https:\/\/www.ifbaiano.edu.br\/unidades\/lapa\/wp-json\/wp\/v2\/media?parent=17038"}],"wp:term":[{"taxonomy":"category","embeddable":true,"href":"https:\/\/www.ifbaiano.edu.br\/unidades\/lapa\/wp-json\/wp\/v2\/categories?post=17038"},{"taxonomy":"post_tag","embeddable":true,"href":"https:\/\/www.ifbaiano.edu.br\/unidades\/lapa\/wp-json\/wp\/v2\/tags?post=17038"}],"curies":[{"name":"wp","href":"https:\/\/api.w.org\/{rel}","templated":true}]}}