{"id":17072,"date":"2020-09-03T08:05:37","date_gmt":"2020-09-03T11:05:37","guid":{"rendered":"https:\/\/www.ifbaiano.edu.br\/unidades\/lapa\/?p=17072"},"modified":"2020-09-03T08:16:11","modified_gmt":"2020-09-03T11:16:11","slug":"programacao-do-ensaio-virtual-de-arte-e-musica","status":"publish","type":"post","link":"https:\/\/www.ifbaiano.edu.br\/unidades\/lapa\/2020\/09\/03\/programacao-do-ensaio-virtual-de-arte-e-musica\/","title":{"rendered":"Programa\u00e7\u00e3o do Ensaio Virtual de Arte e M\u00fasica"},"content":{"rendered":"\n<p>O Ensaio virtual de Arte e M\u00fasica \u00e9 uma a\u00e7\u00e3o do Campus Bom Jesus da Lapa, desenvolvida a partir de uma iniciativa da Pr\u00f3Reitoria de Extens\u00e3o do IF Baiano. O objetivo \u00e9 fortalecer as bases socioculturais e art\u00edsticas, ao contemplar as diversidades culturais baiana e brasileira, estimulando o interesse de discentes, servidores(as) \/ colaboradores(as) e convidados externos.  <\/p>\n\n\n\n<p>Local: Youtube do\n<em>Campus<\/em> Bom Jesus da Lapa<\/p>\n\n\n\n<p>Data: 04\/09\/2020<\/p>\n\n\n\n<p>Hor\u00e1rio: 19 horas<\/p>\n\n\n\n<ol>\n<li>Abertura Oficial \u2013 Comiss\u00e3o e gestores;<\/li>\n<li>Clipe Asa Branca (Samir Brune\/Servidor e convidados);<\/li>\n<li>O Sert\u00e3o lapense: Fotografia (Mariana Vieira Silva e Eric Efrem Santos Castro);<\/li>\n<li>M\u00fasica: M\u00fasica n\u00e3o autoral (Leticia Oliveira Santos\/Estudante; Leonel Messi Couto Macedo, Caroline Lima da Silva, Maestro Gilberto -Filarm\u00f4nica\/ Convidados(as));<\/li>\n<li>Mem\u00f3rias do Sert\u00e3o: Poema\/poesia autoral (Celiane Dias S\u00e1 Teles\/Estudante);<\/li>\n<li>Meu pa\u00eds nordeste: Poema\/poesia autoral (Alana da Silva Concei\u00e7\u00e3o e Gerlaine Izidio Dourado\/Estudantes);<\/li>\n<li>Foli\u00e3o: M\u00fasica autoral (Leonardo Gomes Viana\/Servidor);<\/li>\n<li>V\u00e9i Jo\u00e3o: Poema\/poesia autoral (Poeta e Escritor D\u00e9 Barrense\/Convidado);<\/li>\n<li>Naufr\u00e1gios: Poema\/poesia autoral (Poeta e Escritor Jo\u00e3o filho\/ Convidado);<\/li>\n<li>Homenagem \u00e0 mulher camponesa: Poema\/poesia autoral (Leandra Jesus da Silva Oliveira\/Estudante);<\/li>\n<li>O rio S\u00e3o Francisco e suas \u00e1guas compulsivas: Poema\/poesia autoral (Tarc\u00edzio Lucas vieira dias\/Estudante);<\/li>\n<li>A d\u00favida do s\u00e9culo: M\u00fasica autoral (Eder Haniel Pedra Martins\/Egresso);\n<li>A arte de ser nordestino: Poema\/poesia autoral (Eduarda Le\u00e3o Santos\/Estudante);\n<li>A sociedade pede socorro: Poema\/poesia autoral (Camila dos Santos Assis e Bruna Lourrane Rodrigues Laranjeira\/Estudantes);<\/li>\n<li>Sussurro das lavadeiras: M\u00fasica autoral (Wagner Rosa dos Santos Daguimar de Oliveira Vieira, Nivaldo Oliveira, Eug\u00eanio Talma, Marilurdes Barbosa, Anna Cardoso, Lua Rodrigues, Luma rosa, Nen\u00e9m Vieira e Binho Brown\/Servidor e convidados(as));<\/li>\n<li>Clip final: Ora\u00e7\u00e3o (Samir Brune\/Servidor e convidados);<\/li>\n<li>Mensagem de encerramento.<\/li>\n<\/ol>\n","protected":false},"excerpt":{"rendered":"<p>O Ensaio virtual de Arte e M\u00fasica \u00e9 uma a\u00e7\u00e3o do Campus Bom Jesus da Lapa, desenvolvida a partir de uma iniciativa da Pr\u00f3Reitoria de Extens\u00e3o do IF Baiano. O objetivo \u00e9 fortalecer as bases socioculturais e art\u00edsticas, ao contemplar as diversidades culturais baiana e brasileira, estimulando o interesse de discentes, servidores(as) \/ colaboradores(as) e [&hellip;]<\/p>\n","protected":false},"author":100,"featured_media":17076,"comment_status":"open","ping_status":"open","sticky":false,"template":"","format":"standard","meta":[],"categories":[64,30,24,65],"tags":[],"_links":{"self":[{"href":"https:\/\/www.ifbaiano.edu.br\/unidades\/lapa\/wp-json\/wp\/v2\/posts\/17072"}],"collection":[{"href":"https:\/\/www.ifbaiano.edu.br\/unidades\/lapa\/wp-json\/wp\/v2\/posts"}],"about":[{"href":"https:\/\/www.ifbaiano.edu.br\/unidades\/lapa\/wp-json\/wp\/v2\/types\/post"}],"author":[{"embeddable":true,"href":"https:\/\/www.ifbaiano.edu.br\/unidades\/lapa\/wp-json\/wp\/v2\/users\/100"}],"replies":[{"embeddable":true,"href":"https:\/\/www.ifbaiano.edu.br\/unidades\/lapa\/wp-json\/wp\/v2\/comments?post=17072"}],"version-history":[{"count":4,"href":"https:\/\/www.ifbaiano.edu.br\/unidades\/lapa\/wp-json\/wp\/v2\/posts\/17072\/revisions"}],"predecessor-version":[{"id":17077,"href":"https:\/\/www.ifbaiano.edu.br\/unidades\/lapa\/wp-json\/wp\/v2\/posts\/17072\/revisions\/17077"}],"wp:featuredmedia":[{"embeddable":true,"href":"https:\/\/www.ifbaiano.edu.br\/unidades\/lapa\/wp-json\/wp\/v2\/media\/17076"}],"wp:attachment":[{"href":"https:\/\/www.ifbaiano.edu.br\/unidades\/lapa\/wp-json\/wp\/v2\/media?parent=17072"}],"wp:term":[{"taxonomy":"category","embeddable":true,"href":"https:\/\/www.ifbaiano.edu.br\/unidades\/lapa\/wp-json\/wp\/v2\/categories?post=17072"},{"taxonomy":"post_tag","embeddable":true,"href":"https:\/\/www.ifbaiano.edu.br\/unidades\/lapa\/wp-json\/wp\/v2\/tags?post=17072"}],"curies":[{"name":"wp","href":"https:\/\/api.w.org\/{rel}","templated":true}]}}