{"id":17080,"date":"2020-09-04T07:46:52","date_gmt":"2020-09-04T10:46:52","guid":{"rendered":"https:\/\/www.ifbaiano.edu.br\/unidades\/lapa\/?p=17080"},"modified":"2020-09-04T07:47:20","modified_gmt":"2020-09-04T10:47:20","slug":"primeiro-episodio-da-segunda-temporada-do-dedin-de-prosa","status":"publish","type":"post","link":"https:\/\/www.ifbaiano.edu.br\/unidades\/lapa\/2020\/09\/04\/primeiro-episodio-da-segunda-temporada-do-dedin-de-prosa\/","title":{"rendered":"Primeiro epis\u00f3dio da Segunda Temporada do &#8220;Dedin de Prosa&#8221;"},"content":{"rendered":"\n<p>Neste epis\u00f3dio, os psic\u00f3logos Aline e Erick discutem o Setembro Amarelo e a Preven\u00e7\u00e3o do Suic\u00eddio. Apresentam sinais para identificar quando uma pessoa pode estar pensando em suic\u00eddio e o que fazer diante disso.<\/p>\n\n\n\n<p> Clique em uma das figuras abaixo para escutar o epis\u00f3dio <\/p>\n\n\n\n<figure class=\"wp-block-image size-large\"><a href=\"https:\/\/anchor.fm\/dedin-de-prosa\/episodes\/Episdio-1--T2---Preveno-do-suicdio-ej3jvn\/a-a2spndn\" title=\"Dedin de Prosa Segunda Temporada - Primeiro Epis\u00f3dio\" target=\"_blank\" rel=\"noopener noreferrer\"><img decoding=\"async\" loading=\"lazy\" width=\"1080\" height=\"1080\" src=\"https:\/\/www.ifbaiano.edu.br\/unidades\/lapa\/files\/2020\/06\/dedin-de-prosa-lapa-itapetinga.png\" alt=\"Dedin de Prosa Segunda Temporada - Primeiro Epis\u00f3dio\" class=\"wp-image-16271\" \/><\/a><figcaption>Dedin de Prosa<\/figcaption><\/figure>\n","protected":false},"excerpt":{"rendered":"<p>Neste epis\u00f3dio, os psic\u00f3logos Aline e Erick discutem o Setembro Amarelo e a Preven\u00e7\u00e3o do Suic\u00eddio. Apresentam sinais para identificar quando uma pessoa pode estar pensando em suic\u00eddio e o que fazer diante disso. Clique em uma das figuras abaixo para escutar o epis\u00f3dio Dedin de Prosa<\/p>\n","protected":false},"author":100,"featured_media":16271,"comment_status":"open","ping_status":"open","sticky":false,"template":"","format":"standard","meta":[],"categories":[64,24,40,65],"tags":[],"_links":{"self":[{"href":"https:\/\/www.ifbaiano.edu.br\/unidades\/lapa\/wp-json\/wp\/v2\/posts\/17080"}],"collection":[{"href":"https:\/\/www.ifbaiano.edu.br\/unidades\/lapa\/wp-json\/wp\/v2\/posts"}],"about":[{"href":"https:\/\/www.ifbaiano.edu.br\/unidades\/lapa\/wp-json\/wp\/v2\/types\/post"}],"author":[{"embeddable":true,"href":"https:\/\/www.ifbaiano.edu.br\/unidades\/lapa\/wp-json\/wp\/v2\/users\/100"}],"replies":[{"embeddable":true,"href":"https:\/\/www.ifbaiano.edu.br\/unidades\/lapa\/wp-json\/wp\/v2\/comments?post=17080"}],"version-history":[{"count":3,"href":"https:\/\/www.ifbaiano.edu.br\/unidades\/lapa\/wp-json\/wp\/v2\/posts\/17080\/revisions"}],"predecessor-version":[{"id":17083,"href":"https:\/\/www.ifbaiano.edu.br\/unidades\/lapa\/wp-json\/wp\/v2\/posts\/17080\/revisions\/17083"}],"wp:featuredmedia":[{"embeddable":true,"href":"https:\/\/www.ifbaiano.edu.br\/unidades\/lapa\/wp-json\/wp\/v2\/media\/16271"}],"wp:attachment":[{"href":"https:\/\/www.ifbaiano.edu.br\/unidades\/lapa\/wp-json\/wp\/v2\/media?parent=17080"}],"wp:term":[{"taxonomy":"category","embeddable":true,"href":"https:\/\/www.ifbaiano.edu.br\/unidades\/lapa\/wp-json\/wp\/v2\/categories?post=17080"},{"taxonomy":"post_tag","embeddable":true,"href":"https:\/\/www.ifbaiano.edu.br\/unidades\/lapa\/wp-json\/wp\/v2\/tags?post=17080"}],"curies":[{"name":"wp","href":"https:\/\/api.w.org\/{rel}","templated":true}]}}