{"id":17112,"date":"2020-09-10T16:02:57","date_gmt":"2020-09-10T19:02:57","guid":{"rendered":"https:\/\/www.ifbaiano.edu.br\/unidades\/lapa\/?p=17112"},"modified":"2020-09-10T16:02:57","modified_gmt":"2020-09-10T19:02:57","slug":"chamada-interna-no-07-2020-apoio-a-publicacao-de-livros-eletronicos-e-books","status":"publish","type":"post","link":"https:\/\/www.ifbaiano.edu.br\/unidades\/lapa\/2020\/09\/10\/chamada-interna-no-07-2020-apoio-a-publicacao-de-livros-eletronicos-e-books\/","title":{"rendered":"Chamada Interna n\u00ba 07\/2020 &#8211; Apoio \u00e0 publica\u00e7\u00e3o de Livros Eletr\u00f4nicos (e-books)"},"content":{"rendered":"\n<p>A Pr\u00f3-Reitoria de Extens\u00e3o do IF Baiano publicou o edital 07\/2020, que trata de chamada de apoio para publica\u00e7\u00e3o de livros eletr\u00f4nicos. As inscri\u00e7\u00f5es est\u00e3o abertas at\u00e9 o dia 02 de outubro de 2020. Acessem concurso.ifbaiano.edu.br para maiores informa\u00e7\u00f5es ou entre em contato com a Coordena\u00e7\u00e3o de Extens\u00e3o do campus.<\/p>\n\n\n\n<figure class=\"wp-block-gallery columns-1 is-cropped wp-block-gallery-1 is-layout-flex\"><ul class=\"blocks-gallery-grid\"><li class=\"blocks-gallery-item\"><figure><img decoding=\"async\" loading=\"lazy\" width=\"1080\" height=\"1080\" src=\"https:\/\/www.ifbaiano.edu.br\/unidades\/lapa\/files\/2020\/09\/ebook.jpeg\" alt=\"\" data-id=\"17113\" data-link=\"https:\/\/www.ifbaiano.edu.br\/unidades\/lapa\/?attachment_id=17113\" class=\"wp-image-17113\" \/><\/figure><\/li><\/ul><\/figure>\n","protected":false},"excerpt":{"rendered":"<p>A Pr\u00f3-Reitoria de Extens\u00e3o do IF Baiano publicou o edital 07\/2020, que trata de chamada de apoio para publica\u00e7\u00e3o de livros eletr\u00f4nicos. As inscri\u00e7\u00f5es est\u00e3o abertas at\u00e9 o dia 02 de outubro de 2020. Acessem concurso.ifbaiano.edu.br para maiores informa\u00e7\u00f5es ou entre em contato com a Coordena\u00e7\u00e3o de Extens\u00e3o do campus.<\/p>\n","protected":false},"author":58,"featured_media":17113,"comment_status":"open","ping_status":"open","sticky":false,"template":"","format":"standard","meta":[],"categories":[24,65],"tags":[],"_links":{"self":[{"href":"https:\/\/www.ifbaiano.edu.br\/unidades\/lapa\/wp-json\/wp\/v2\/posts\/17112"}],"collection":[{"href":"https:\/\/www.ifbaiano.edu.br\/unidades\/lapa\/wp-json\/wp\/v2\/posts"}],"about":[{"href":"https:\/\/www.ifbaiano.edu.br\/unidades\/lapa\/wp-json\/wp\/v2\/types\/post"}],"author":[{"embeddable":true,"href":"https:\/\/www.ifbaiano.edu.br\/unidades\/lapa\/wp-json\/wp\/v2\/users\/58"}],"replies":[{"embeddable":true,"href":"https:\/\/www.ifbaiano.edu.br\/unidades\/lapa\/wp-json\/wp\/v2\/comments?post=17112"}],"version-history":[{"count":1,"href":"https:\/\/www.ifbaiano.edu.br\/unidades\/lapa\/wp-json\/wp\/v2\/posts\/17112\/revisions"}],"predecessor-version":[{"id":17114,"href":"https:\/\/www.ifbaiano.edu.br\/unidades\/lapa\/wp-json\/wp\/v2\/posts\/17112\/revisions\/17114"}],"wp:featuredmedia":[{"embeddable":true,"href":"https:\/\/www.ifbaiano.edu.br\/unidades\/lapa\/wp-json\/wp\/v2\/media\/17113"}],"wp:attachment":[{"href":"https:\/\/www.ifbaiano.edu.br\/unidades\/lapa\/wp-json\/wp\/v2\/media?parent=17112"}],"wp:term":[{"taxonomy":"category","embeddable":true,"href":"https:\/\/www.ifbaiano.edu.br\/unidades\/lapa\/wp-json\/wp\/v2\/categories?post=17112"},{"taxonomy":"post_tag","embeddable":true,"href":"https:\/\/www.ifbaiano.edu.br\/unidades\/lapa\/wp-json\/wp\/v2\/tags?post=17112"}],"curies":[{"name":"wp","href":"https:\/\/api.w.org\/{rel}","templated":true}]}}