{"id":17145,"date":"2020-09-20T10:34:25","date_gmt":"2020-09-20T13:34:25","guid":{"rendered":"https:\/\/www.ifbaiano.edu.br\/unidades\/lapa\/?p=17145"},"modified":"2020-09-20T10:34:25","modified_gmt":"2020-09-20T13:34:25","slug":"chamada-publica-01-2020-pnae","status":"publish","type":"post","link":"https:\/\/www.ifbaiano.edu.br\/unidades\/lapa\/2020\/09\/20\/chamada-publica-01-2020-pnae\/","title":{"rendered":"CHAMADA P\u00daBLICA 01\/2020 &#8211; PNAE"},"content":{"rendered":"\n<figure class=\"wp-block-gallery columns-1 is-cropped wp-block-gallery-1 is-layout-flex\"><ul class=\"blocks-gallery-grid\"><li class=\"blocks-gallery-item\"><figure><img decoding=\"async\" loading=\"lazy\" width=\"600\" height=\"512\" src=\"https:\/\/www.ifbaiano.edu.br\/unidades\/lapa\/files\/2019\/07\/imagem-anexa-ao-texto.jpg\" alt=\"\" data-id=\"13416\" data-full-url=\"https:\/\/www.ifbaiano.edu.br\/unidades\/lapa\/files\/2019\/07\/imagem-anexa-ao-texto.jpg\" data-link=\"https:\/\/www.ifbaiano.edu.br\/unidades\/lapa\/2019\/07\/22\/chamada-publica-pnae-2\/imagem-anexa-ao-texto-4\/\" class=\"wp-image-13416\" \/><\/figure><\/li><\/ul><\/figure>\n\n\n\n<p>O Instituto Federal Baiano \u2013 <em>Campus B<\/em>om Jesus da Lapa torna p\u00fablico, para conhecimento dos interessados, que realizar\u00e1 a Chamada P\u00fablica n\u00ba 01\/2020. Objeto: Aquisi\u00e7\u00e3o de g\u00eaneros aliment\u00edcios da agricultura familiar para atendimento ao Programa Nacional de Alimenta\u00e7\u00e3o Escolar \u2013 PNAE, conforme as pe\u00e7as t\u00e9cnicas constantes no Instrumento Convocat\u00f3rio e seus anexos, partes integrantes desta Chamada P\u00fablica. O Edital encontra-se dispon\u00edvel na sede do Campus e no s\u00edtio&nbsp; http:\/\/www.ifbaiano.edu.br\/unidades\/lapa\/. Sess\u00e3o de abertura:<strong>&nbsp;13\/10\/2020, \u00e0s 09h, <\/strong>Hor\u00e1rio Local, <strong>na sede do <\/strong><strong>Instituto Federal Baiano \u2013 <\/strong><strong><em><strong><em>Campus <\/em><\/strong><\/em><\/strong><strong>Bom Jesus da Lapa<\/strong>, localizado na BR 349, Km 14, Rodovia Bom Jesus da Lapa X Santa Maria da Vit\u00f3ria \u2013&nbsp;Bahia.<\/p>\n\n\n\n<p><strong>Destaca-se que:<\/strong>&nbsp;<\/p>\n\n\n\n<ul><li>Poder\u00e3o participar da SESS\u00c3O P\u00daBLICA, apenas <strong>dois<\/strong>&nbsp;representantes de cada grupo participante (formal\/informal), e todos estes OBRIGATORIAMENTE usando m\u00e1scaras;<\/li><\/ul>\n\n\n\n<ul><li>Ser\u00e1 realizada a devida higieniza\u00e7\u00e3o de todos os participantes, inclusive dos envelopes e suas respectivas documenta\u00e7\u00f5es no momento do credenciamento;<\/li><\/ul>\n\n\n\n<ul><li>Todos os membros da Comiss\u00e3o de Compras Agricultura Familiar, designados em Portaria espec\u00edfica, dever\u00e3o usar m\u00e1scaras e luvas para o manuseio da documenta\u00e7\u00e3o apresentada; <\/li><\/ul>\n\n\n\n<ul><li>Ser\u00e1 realizada a higieniza\u00e7\u00e3o de cadeiras e mesas, antes e depois da sess\u00e3o p\u00fablica;<\/li><\/ul>\n\n\n\n<ul><li>Estar\u00e1 dispon\u00edvel materiais de higieniza\u00e7\u00e3o de amplo acesso a todos; <\/li><\/ul>\n\n\n\n<ul><li>A sess\u00e3o p\u00fablica ser\u00e1 realizada em local aberto e de grande ventila\u00e7\u00e3o.<\/li><\/ul>\n\n\n\n<p>Segue em anexo Editais e Formul\u00e1rios.<\/p>\n\n\n\n<div class=\"wp-block-file\"><a href=\"https:\/\/www.ifbaiano.edu.br\/unidades\/lapa\/files\/2020\/09\/Edital-e-seus-anexos-Dispensa-Licitacao-07.2020-Chamada-Publica-01.2020-PNAE.pdf\">Edital e seus anexos &#8211; Dispensa Licitacao 07.2020 &#8211; Chamada Publica 01.2020 PNAE<\/a><a href=\"https:\/\/www.ifbaiano.edu.br\/unidades\/lapa\/files\/2020\/09\/Edital-e-seus-anexos-Dispensa-Licitacao-07.2020-Chamada-Publica-01.2020-PNAE.pdf\" class=\"wp-block-file__button\" download>Baixar<\/a><\/div>\n\n\n\n<div class=\"wp-block-file\"><a href=\"https:\/\/www.ifbaiano.edu.br\/unidades\/lapa\/files\/2020\/09\/ANEXO-I-PROJETO-B\u00c1SICO.pdf\">ANEXO I &#8211; PROJETO B\u00c1SICO<\/a><a href=\"https:\/\/www.ifbaiano.edu.br\/unidades\/lapa\/files\/2020\/09\/ANEXO-I-PROJETO-B\u00c1SICO.pdf\" class=\"wp-block-file__button\" download>Baixar<\/a><\/div>\n\n\n\n<p><\/p>\n","protected":false},"excerpt":{"rendered":"<p>O Instituto Federal Baiano \u2013 Campus Bom Jesus da Lapa torna p\u00fablico, para conhecimento dos interessados, que realizar\u00e1 a Chamada P\u00fablica n\u00ba 01\/2020. Objeto: Aquisi\u00e7\u00e3o de g\u00eaneros aliment\u00edcios da agricultura familiar para atendimento ao Programa Nacional de Alimenta\u00e7\u00e3o Escolar \u2013 PNAE, conforme as pe\u00e7as t\u00e9cnicas constantes no Instrumento Convocat\u00f3rio e seus anexos, partes integrantes desta [&hellip;]<\/p>\n","protected":false},"author":58,"featured_media":0,"comment_status":"open","ping_status":"open","sticky":false,"template":"","format":"standard","meta":[],"categories":[64,26,24,103,65],"tags":[],"_links":{"self":[{"href":"https:\/\/www.ifbaiano.edu.br\/unidades\/lapa\/wp-json\/wp\/v2\/posts\/17145"}],"collection":[{"href":"https:\/\/www.ifbaiano.edu.br\/unidades\/lapa\/wp-json\/wp\/v2\/posts"}],"about":[{"href":"https:\/\/www.ifbaiano.edu.br\/unidades\/lapa\/wp-json\/wp\/v2\/types\/post"}],"author":[{"embeddable":true,"href":"https:\/\/www.ifbaiano.edu.br\/unidades\/lapa\/wp-json\/wp\/v2\/users\/58"}],"replies":[{"embeddable":true,"href":"https:\/\/www.ifbaiano.edu.br\/unidades\/lapa\/wp-json\/wp\/v2\/comments?post=17145"}],"version-history":[{"count":3,"href":"https:\/\/www.ifbaiano.edu.br\/unidades\/lapa\/wp-json\/wp\/v2\/posts\/17145\/revisions"}],"predecessor-version":[{"id":17151,"href":"https:\/\/www.ifbaiano.edu.br\/unidades\/lapa\/wp-json\/wp\/v2\/posts\/17145\/revisions\/17151"}],"wp:attachment":[{"href":"https:\/\/www.ifbaiano.edu.br\/unidades\/lapa\/wp-json\/wp\/v2\/media?parent=17145"}],"wp:term":[{"taxonomy":"category","embeddable":true,"href":"https:\/\/www.ifbaiano.edu.br\/unidades\/lapa\/wp-json\/wp\/v2\/categories?post=17145"},{"taxonomy":"post_tag","embeddable":true,"href":"https:\/\/www.ifbaiano.edu.br\/unidades\/lapa\/wp-json\/wp\/v2\/tags?post=17145"}],"curies":[{"name":"wp","href":"https:\/\/api.w.org\/{rel}","templated":true}]}}