{"id":17155,"date":"2020-09-22T10:52:50","date_gmt":"2020-09-22T13:52:50","guid":{"rendered":"https:\/\/www.ifbaiano.edu.br\/unidades\/lapa\/?p=17155"},"modified":"2020-09-22T10:52:50","modified_gmt":"2020-09-22T13:52:50","slug":"olimpiada-de-matematica-dos-institutos-federais-omif-2020","status":"publish","type":"post","link":"https:\/\/www.ifbaiano.edu.br\/unidades\/lapa\/2020\/09\/22\/olimpiada-de-matematica-dos-institutos-federais-omif-2020\/","title":{"rendered":"Olimp\u00edada de Matem\u00e1tica dos Institutos Federais OMIF 2020"},"content":{"rendered":"\n<figure class=\"wp-block-gallery columns-1 is-cropped wp-block-gallery-1 is-layout-flex\"><ul class=\"blocks-gallery-grid\"><li class=\"blocks-gallery-item\"><figure><img decoding=\"async\" loading=\"lazy\" width=\"805\" height=\"499\" src=\"https:\/\/www.ifbaiano.edu.br\/unidades\/lapa\/files\/2020\/09\/Olimpiada-Matematica.jpeg\" alt=\"\" data-id=\"17156\" data-link=\"https:\/\/www.ifbaiano.edu.br\/unidades\/lapa\/?attachment_id=17156\" class=\"wp-image-17156\" \/><\/figure><\/li><\/ul><\/figure>\n\n\n\n<p>Caros alunos!!<br>Estamos nos preparativos para participa\u00e7\u00e3o na 16\u00aa Olimp\u00edada Brasileira de Matem\u00e1tica das Escolas P\u00fablicas (OBMEP).<br>Tema: &#8220;a Matem\u00e1tica est\u00e1 em tudo&#8221;<br>P\u00fablico Alvo: Alunos do Ensino T\u00e9cnico Integrado. Todos os alunos do IF Baiano Campus Bom Jesus da Lapa foram inscritos, por\u00e9m \u00e9 optativo participar.<br>Prova: 100% online (link da prova ser\u00e1 disponibilizado pelo professor Arionaldo)<br> <\/p>\n\n\n\n<p>Data da realiza\u00e7\u00e3o: 25\/10\/2020<br>Hor\u00e1rio da prova: 15:00 hs &#8211; 17:30 hs.<br>Teremos aulas preparat\u00f3rias de forma remota para os participantes!!!<br>Vamos l\u00e1!!!!<\/p>\n\n\n\n<p>Confirme sua participa\u00e7\u00e3o atrav\u00e9s do preenchimento deste <a href=\"https:\/\/forms.gle\/kaLz17C4hHj3Qa5SA\">formul\u00e1rio<\/a>. Entraremos em contato com vc!!! Boa sorte!!!<\/p>\n\n\n\n<p>Formul\u00e1rio: <a href=\"https:\/\/forms.gle\/kaLz17C4hHj3Qa5SA\">https:\/\/forms.gle\/kaLz17C4hHj3Qa5SA<\/a><\/p>\n","protected":false},"excerpt":{"rendered":"<p>Caros alunos!!Estamos nos preparativos para participa\u00e7\u00e3o na 16\u00aa Olimp\u00edada Brasileira de Matem\u00e1tica das Escolas P\u00fablicas (OBMEP).Tema: &#8220;a Matem\u00e1tica est\u00e1 em tudo&#8221;P\u00fablico Alvo: Alunos do Ensino T\u00e9cnico Integrado. Todos os alunos do IF Baiano Campus Bom Jesus da Lapa foram inscritos, por\u00e9m \u00e9 optativo participar.Prova: 100% online (link da prova ser\u00e1 disponibilizado pelo professor Arionaldo) Data [&hellip;]<\/p>\n","protected":false},"author":58,"featured_media":17156,"comment_status":"open","ping_status":"open","sticky":false,"template":"","format":"standard","meta":[],"categories":[64,30,24,68,69,65],"tags":[],"_links":{"self":[{"href":"https:\/\/www.ifbaiano.edu.br\/unidades\/lapa\/wp-json\/wp\/v2\/posts\/17155"}],"collection":[{"href":"https:\/\/www.ifbaiano.edu.br\/unidades\/lapa\/wp-json\/wp\/v2\/posts"}],"about":[{"href":"https:\/\/www.ifbaiano.edu.br\/unidades\/lapa\/wp-json\/wp\/v2\/types\/post"}],"author":[{"embeddable":true,"href":"https:\/\/www.ifbaiano.edu.br\/unidades\/lapa\/wp-json\/wp\/v2\/users\/58"}],"replies":[{"embeddable":true,"href":"https:\/\/www.ifbaiano.edu.br\/unidades\/lapa\/wp-json\/wp\/v2\/comments?post=17155"}],"version-history":[{"count":1,"href":"https:\/\/www.ifbaiano.edu.br\/unidades\/lapa\/wp-json\/wp\/v2\/posts\/17155\/revisions"}],"predecessor-version":[{"id":17157,"href":"https:\/\/www.ifbaiano.edu.br\/unidades\/lapa\/wp-json\/wp\/v2\/posts\/17155\/revisions\/17157"}],"wp:featuredmedia":[{"embeddable":true,"href":"https:\/\/www.ifbaiano.edu.br\/unidades\/lapa\/wp-json\/wp\/v2\/media\/17156"}],"wp:attachment":[{"href":"https:\/\/www.ifbaiano.edu.br\/unidades\/lapa\/wp-json\/wp\/v2\/media?parent=17155"}],"wp:term":[{"taxonomy":"category","embeddable":true,"href":"https:\/\/www.ifbaiano.edu.br\/unidades\/lapa\/wp-json\/wp\/v2\/categories?post=17155"},{"taxonomy":"post_tag","embeddable":true,"href":"https:\/\/www.ifbaiano.edu.br\/unidades\/lapa\/wp-json\/wp\/v2\/tags?post=17155"}],"curies":[{"name":"wp","href":"https:\/\/api.w.org\/{rel}","templated":true}]}}