{"id":17176,"date":"2020-09-22T13:31:41","date_gmt":"2020-09-22T16:31:41","guid":{"rendered":"https:\/\/www.ifbaiano.edu.br\/unidades\/lapa\/?p=17176"},"modified":"2020-09-22T13:31:41","modified_gmt":"2020-09-22T16:31:41","slug":"chamada-publica-paa-02-2020","status":"publish","type":"post","link":"https:\/\/www.ifbaiano.edu.br\/unidades\/lapa\/2020\/09\/22\/chamada-publica-paa-02-2020\/","title":{"rendered":"Chamada P\u00fablica PAA 02\/2020"},"content":{"rendered":"\n<p>O Instituto Federal Baiano \u2013 <em>Campus\n<\/em><em>B<\/em>om\nJesus da Lapa torna p\u00fablico, para conhecimento dos interessados, que realizar\u00e1\na Chamada P\u00fablica n\u00ba 02\/2020. Objeto: Aquisi\u00e7\u00e3o de g\u00eaneros aliment\u00edcios&nbsp; para atendimento ao Programa de Aquisi\u00e7\u00e3o de\nAlimentos \u2013 PAA, conforme as pe\u00e7as t\u00e9cnicas constantes no Instrumento\nConvocat\u00f3rio e seus anexos, partes integrantes desta Chamada P\u00fablica. O Edital\nencontra-se dispon\u00edvel na sede do Campus e no s\u00edtio&nbsp;\nhttps:\/\/www.ifbaiano.edu.br\/unidades\/lapa\/. Sess\u00e3o de abertura:&nbsp;15\/10\/2020, \u00e0s 09h,&nbsp;Hor\u00e1rio Local,&nbsp;na sede do&nbsp;Instituto Federal Baiano \u2013&nbsp;<em>Campus&nbsp;<\/em>Bom Jesus da Lapa, localizado na BR 349, Km 14,\nRodovia Bom Jesus da Lapa X Santa Maria da Vit\u00f3ria \u2013&nbsp;Bahia.<\/p>\n\n\n\n<p>Destaca-se que:&nbsp;<\/p>\n\n\n\n<ul><li>Poder\u00e3o\nparticipar da SESS\u00c3O P\u00daBLICA, apenas&nbsp;dois&nbsp;representantes\nde cada grupo participante (formal\/informal), e todos estes OBRIGATORIAMENTE\nusando m\u00e1scaras;<\/li><li>Ser\u00e1 realizada a\ndevida higieniza\u00e7\u00e3o de todos os participantes, inclusive dos envelopes e suas\nrespectivas documenta\u00e7\u00f5es no momento do credenciamento;<\/li><li>Todos os membros\nda Comiss\u00e3o de Compras Agricultura Familiar, designados em Portaria espec\u00edfica,\ndever\u00e3o usar m\u00e1scaras e luvas para o manuseio da documenta\u00e7\u00e3o apresentada;<\/li><li>Ser\u00e1 realizada a\nhigieniza\u00e7\u00e3o de cadeiras e mesas, antes e depois da sess\u00e3o p\u00fablica;<\/li><li>Estar\u00e1\ndispon\u00edvel materiais de higieniza\u00e7\u00e3o de amplo acesso a todos;<\/li><li>A sess\u00e3o p\u00fablica\nser\u00e1 realizada em local aberto e de grande ventila\u00e7\u00e3o.<\/li><\/ul>\n\n\n\n<p>Segue em anexo Editais e Formul\u00e1rios.<\/p>\n\n\n\n<div class=\"wp-block-file\"><a href=\"https:\/\/www.ifbaiano.edu.br\/unidades\/lapa\/files\/2020\/09\/EDITAL-E-SEUS-ANEXOS-CHAMADA-P\u00daBLICA-N\u00ba-02-2020-PAA.pdf\">EDITAL-E-SEUS-ANEXOS-CHAMADA-P\u00daBLICA-N\u00ba-02-2020-PAA<\/a><a href=\"https:\/\/www.ifbaiano.edu.br\/unidades\/lapa\/files\/2020\/09\/EDITAL-E-SEUS-ANEXOS-CHAMADA-P\u00daBLICA-N\u00ba-02-2020-PAA.pdf\" class=\"wp-block-file__button\" download>Baixar<\/a><\/div>\n\n\n\n<div class=\"wp-block-file\"><a href=\"https:\/\/www.ifbaiano.edu.br\/unidades\/lapa\/files\/2020\/09\/ANEXO-I-PROJETO-B\u00c1SICO-PAA-CHAMADA-P\u00daBLICA-022020.pdf\">ANEXO-I-PROJETO-B\u00c1SICO-PAA-CHAMADA-P\u00daBLICA-022020<\/a><a href=\"https:\/\/www.ifbaiano.edu.br\/unidades\/lapa\/files\/2020\/09\/ANEXO-I-PROJETO-B\u00c1SICO-PAA-CHAMADA-P\u00daBLICA-022020.pdf\" class=\"wp-block-file__button\" download>Baixar<\/a><\/div>\n","protected":false},"excerpt":{"rendered":"<p>O Instituto Federal Baiano \u2013 Campus Bom Jesus da Lapa torna p\u00fablico, para conhecimento dos interessados, que realizar\u00e1 a Chamada P\u00fablica n\u00ba 02\/2020. Objeto: Aquisi\u00e7\u00e3o de g\u00eaneros aliment\u00edcios&nbsp; para atendimento ao Programa de Aquisi\u00e7\u00e3o de Alimentos \u2013 PAA, conforme as pe\u00e7as t\u00e9cnicas constantes no Instrumento Convocat\u00f3rio e seus anexos, partes integrantes desta Chamada P\u00fablica. O [&hellip;]<\/p>\n","protected":false},"author":58,"featured_media":0,"comment_status":"open","ping_status":"open","sticky":false,"template":"","format":"standard","meta":[],"categories":[1],"tags":[],"_links":{"self":[{"href":"https:\/\/www.ifbaiano.edu.br\/unidades\/lapa\/wp-json\/wp\/v2\/posts\/17176"}],"collection":[{"href":"https:\/\/www.ifbaiano.edu.br\/unidades\/lapa\/wp-json\/wp\/v2\/posts"}],"about":[{"href":"https:\/\/www.ifbaiano.edu.br\/unidades\/lapa\/wp-json\/wp\/v2\/types\/post"}],"author":[{"embeddable":true,"href":"https:\/\/www.ifbaiano.edu.br\/unidades\/lapa\/wp-json\/wp\/v2\/users\/58"}],"replies":[{"embeddable":true,"href":"https:\/\/www.ifbaiano.edu.br\/unidades\/lapa\/wp-json\/wp\/v2\/comments?post=17176"}],"version-history":[{"count":2,"href":"https:\/\/www.ifbaiano.edu.br\/unidades\/lapa\/wp-json\/wp\/v2\/posts\/17176\/revisions"}],"predecessor-version":[{"id":25550,"href":"https:\/\/www.ifbaiano.edu.br\/unidades\/lapa\/wp-json\/wp\/v2\/posts\/17176\/revisions\/25550"}],"wp:attachment":[{"href":"https:\/\/www.ifbaiano.edu.br\/unidades\/lapa\/wp-json\/wp\/v2\/media?parent=17176"}],"wp:term":[{"taxonomy":"category","embeddable":true,"href":"https:\/\/www.ifbaiano.edu.br\/unidades\/lapa\/wp-json\/wp\/v2\/categories?post=17176"},{"taxonomy":"post_tag","embeddable":true,"href":"https:\/\/www.ifbaiano.edu.br\/unidades\/lapa\/wp-json\/wp\/v2\/tags?post=17176"}],"curies":[{"name":"wp","href":"https:\/\/api.w.org\/{rel}","templated":true}]}}