{"id":17197,"date":"2020-09-25T14:04:50","date_gmt":"2020-09-25T17:04:50","guid":{"rendered":"https:\/\/www.ifbaiano.edu.br\/unidades\/lapa\/?p=17197"},"modified":"2020-09-25T14:04:50","modified_gmt":"2020-09-25T17:04:50","slug":"cartilhas-tecnicas-de-extensao","status":"publish","type":"post","link":"https:\/\/www.ifbaiano.edu.br\/unidades\/lapa\/2020\/09\/25\/cartilhas-tecnicas-de-extensao\/","title":{"rendered":"Cartilhas T\u00e9cnicas de Extens\u00e3o"},"content":{"rendered":"\n<p>\u00c9 com satisfa\u00e7\u00e3o que compartilhamos a Cartilha T\u00e9cnica de Extens\u00e3o SIMPLIFICANDO O ENSINO DE CI\u00caNCIAS. Um material organizado a partir do trabalho desenvolvido em 2019 e 2020 no projeto de extens\u00e3o Ci\u00eancia itinerante: uma experi\u00eancia com forma\u00e7\u00e3o de professores de Ci\u00eancias da Natureza. <br>Em 2019, o projeto foi realizado no munic\u00edpio de Serra do Ramalho pelos professores do IF Baiano do campus Bom Jesus da Lapa.  Em 2020, o projeto seria realizado pelos professores do IF Baiano do campus Itaberaba no munic\u00edpio de Marcion\u00edlio Souza. Infelizmente, devido a pandemia da Covid-19 e a suspens\u00e3o das atividades presenciais, as oficinas de forma\u00e7\u00e3o n\u00e3o puderam acontecer.  Mas o desejo de continuar este processo de constru\u00e7\u00e3o de conhecimento e simplifica\u00e7\u00e3o do Ensino de Ci\u00eancias impulsionou a equipe do projeto a produzir o segundo n\u00famero da cartilha a fim de  compartilhar outras possibilidades de atividades experimentais.  Este material tem uma s\u00e9rie de roteiros de aulas pr\u00e1ticas que podem ser utilizados pelos docentes em aulas de Ci\u00eancias para as s\u00e9ries finais do ensino fundamental. Todas as propostas de atividades priorizam a utiliza\u00e7\u00e3o de materiais de baixo custo e metodologias simples para que qualquer escola possa dar a seus estudantes experi\u00eancias prazerosas e cheias de significado  no Ensino de Ci\u00eancias. Fiquem \u00e0 vontade para compartilhar!!!<\/p>\n\n\n\n<p>Fonte: Juliana Carvalhais Brito (Organizadora) &#8211; Via Coordena\u00e7\u00e3o de Extens\u00e3o<\/p>\n\n\n\n<figure class=\"wp-block-embed-wordpress wp-block-embed is-type-wp-embed is-provider-campus-bom-jesus-da-lapa\"><div class=\"wp-block-embed__wrapper\">\n<blockquote class=\"wp-embedded-content\" data-secret=\"1FnsRjc7qW\"><a href=\"https:\/\/www.ifbaiano.edu.br\/unidades\/lapa\/cartilhas-tecnicas-de-extensao\/\">Cartilhas T\u00e9cnicas de Extens\u00e3o<\/a><\/blockquote><iframe title=\"&#8220;Cartilhas T\u00e9cnicas de Extens\u00e3o&#8221; &#8212; Campus Bom Jesus da Lapa\" class=\"wp-embedded-content\" sandbox=\"allow-scripts\" security=\"restricted\" style=\"position: absolute; clip: rect(1px, 1px, 1px, 1px);\" src=\"https:\/\/www.ifbaiano.edu.br\/unidades\/lapa\/cartilhas-tecnicas-de-extensao\/embed\/#?secret=1FnsRjc7qW\" data-secret=\"1FnsRjc7qW\" width=\"500\" height=\"282\" frameborder=\"0\" marginwidth=\"0\" marginheight=\"0\" scrolling=\"no\"><\/iframe>\n<\/div><\/figure>\n","protected":false},"excerpt":{"rendered":"<p>\u00c9 com satisfa\u00e7\u00e3o que compartilhamos a Cartilha T\u00e9cnica de Extens\u00e3o SIMPLIFICANDO O ENSINO DE CI\u00caNCIAS. Um material organizado a partir do trabalho desenvolvido em 2019 e 2020 no projeto de extens\u00e3o Ci\u00eancia itinerante: uma experi\u00eancia com forma\u00e7\u00e3o de professores de Ci\u00eancias da Natureza. Em 2019, o projeto foi realizado no munic\u00edpio de Serra do Ramalho [&hellip;]<\/p>\n","protected":false},"author":58,"featured_media":0,"comment_status":"open","ping_status":"open","sticky":false,"template":"","format":"standard","meta":[],"categories":[64,24,1,65],"tags":[],"_links":{"self":[{"href":"https:\/\/www.ifbaiano.edu.br\/unidades\/lapa\/wp-json\/wp\/v2\/posts\/17197"}],"collection":[{"href":"https:\/\/www.ifbaiano.edu.br\/unidades\/lapa\/wp-json\/wp\/v2\/posts"}],"about":[{"href":"https:\/\/www.ifbaiano.edu.br\/unidades\/lapa\/wp-json\/wp\/v2\/types\/post"}],"author":[{"embeddable":true,"href":"https:\/\/www.ifbaiano.edu.br\/unidades\/lapa\/wp-json\/wp\/v2\/users\/58"}],"replies":[{"embeddable":true,"href":"https:\/\/www.ifbaiano.edu.br\/unidades\/lapa\/wp-json\/wp\/v2\/comments?post=17197"}],"version-history":[{"count":2,"href":"https:\/\/www.ifbaiano.edu.br\/unidades\/lapa\/wp-json\/wp\/v2\/posts\/17197\/revisions"}],"predecessor-version":[{"id":17199,"href":"https:\/\/www.ifbaiano.edu.br\/unidades\/lapa\/wp-json\/wp\/v2\/posts\/17197\/revisions\/17199"}],"wp:attachment":[{"href":"https:\/\/www.ifbaiano.edu.br\/unidades\/lapa\/wp-json\/wp\/v2\/media?parent=17197"}],"wp:term":[{"taxonomy":"category","embeddable":true,"href":"https:\/\/www.ifbaiano.edu.br\/unidades\/lapa\/wp-json\/wp\/v2\/categories?post=17197"},{"taxonomy":"post_tag","embeddable":true,"href":"https:\/\/www.ifbaiano.edu.br\/unidades\/lapa\/wp-json\/wp\/v2\/tags?post=17197"}],"curies":[{"name":"wp","href":"https:\/\/api.w.org\/{rel}","templated":true}]}}