{"id":17306,"date":"2020-10-02T11:33:44","date_gmt":"2020-10-02T14:33:44","guid":{"rendered":"https:\/\/www.ifbaiano.edu.br\/unidades\/lapa\/?p=17306"},"modified":"2021-11-24T10:32:36","modified_gmt":"2021-11-24T13:32:36","slug":"contribua-com-a-ultima-etapa-de-elaboracao-do-pdi-2020-2024","status":"publish","type":"post","link":"https:\/\/www.ifbaiano.edu.br\/unidades\/lapa\/2020\/10\/02\/contribua-com-a-ultima-etapa-de-elaboracao-do-pdi-2020-2024\/","title":{"rendered":"Contribua com a \u00faltima etapa de elabora\u00e7\u00e3o do PDI 2020-2024"},"content":{"rendered":"\n<pre class=\"wp-block-preformatted\"> <em>Minuta do PDI receber\u00e1 sugest\u00f5es da comunidade, via formul\u00e1rio online, at\u00e9 23 de outubro<\/em> <\/pre>\n\n\n\n<figure class=\"wp-block-image size-large\"><img decoding=\"async\" loading=\"lazy\" width=\"1080\" height=\"1080\" src=\"https:\/\/www.ifbaiano.edu.br\/unidades\/lapa\/files\/2020\/10\/card-pdi-consulta-publica-23-09-2020.png\" alt=\"\" class=\"wp-image-17307\" \/><\/figure>\n\n\n\n<p>O Plano de Desenvolvimento Institucional (PDI) 2020-2024 do Instituto Federal Baiano (IF Baiano) iniciou sua fase final e recebe contribui\u00e7\u00f5es de estudantes e seus respons\u00e1veis, professores, servidores t\u00e9cnicos, terceirizados e estagi\u00e1rios, egressos e comunidade externa at\u00e9 o dia 23 de outubro. A comunidade pode contribuir diretamente atrav\u00e9s de<a href=\"https:\/\/opinanovo.ifbaiano.edu.br\/index.php\/649368?lang=pt-BR\">&nbsp;formul\u00e1rio<\/a>&nbsp;dispon\u00edvel no site&nbsp;<a href=\"https:\/\/ifbaiano.edu.br\/portal\/pdi\/\">pdi.ifbaiano.edu.br<\/a>, sugerindo mudan\u00e7as nos textos de cada t\u00f3pico dos cap\u00edtulos, nas diretrizes, valores, a\u00e7\u00f5es, iniciativas, indicadores e metas institucionais, assim como acrescentando pontos relevantes que n\u00e3o foram contemplados nas minutas apresentadas.<\/p>\n\n\n\n<p>A consulta p\u00fablica \u00e9 a fase final de participa\u00e7\u00e3o da comunidade e complementa as etapas anteriores. Na primeira fase do processo, que ocorreu em 2019, reuni\u00f5es presenciais nas unidades do IF Baiano foram realizadas para o levantamento de sugest\u00f5es e defini\u00e7\u00e3o de diretrizes. Na segunda etapa, uma pesquisa online reuniu informa\u00e7\u00f5es para auxiliar na avalia\u00e7\u00e3o das prioridades do IF Baiano e dos principais desafios a serem superados. Agora, com a minuta pronta, a comunidade pode sugerir altera\u00e7\u00f5es pontuais no texto da proposta.<\/p>\n\n\n\n<p>Para a pr\u00f3-reitora de Desenvolvimento Institucional, Hildonice de Souza Batista, a participa\u00e7\u00e3o de todo o coletivo que comp\u00f5e o valor p\u00fablico do IF Baiano aprofunda o processo democr\u00e1tico, a transpar\u00eancia e o aprimoramento da constru\u00e7\u00e3o da gest\u00e3o democr\u00e1tica institucional. \u201cA Pr\u00f3-reitoria de Desenvolvimento Institucional (Prodin) avalia o processo de constru\u00e7\u00e3o do PDI, mediante os f\u00f3runs realizados, a consulta \u00e0 comunidade, a cria\u00e7\u00e3o de grupo de trabalho com representa\u00e7\u00f5es de todos os segmentos, a participa\u00e7\u00e3o dos(as) gestores(as), dos n\u00facleos de planejamento e parcerias institucionais como uma a\u00e7\u00e3o extremamente relevante e cooperativa, para a melhoria do planejamento institucional\u201d, afirma a pr\u00f3-reitora.<br><br>A minuta tem oito cap\u00edtulos. Para enviar uma contribui\u00e7\u00e3o, o interessado deve transcrever a passagem para a qual deseja fazer alguma sugest\u00e3o, indicando o sub cap\u00edtulo e a p\u00e1gina em que se encontra no documento; em seguida, reescrever\u00e1 a passagem da maneira que acredita ser a mais adequada; e, por fim, justificar\u00e1 o motivo da sugest\u00e3o. A an\u00e1lise das contribui\u00e7\u00f5es ser\u00e1 realizada pelos membros da Comiss\u00e3o Central do PDI, a partir da coer\u00eancia, pertin\u00eancia com a tem\u00e1tica e desenvolvimento institucional.<\/p>\n\n\n\n<p>Acesse para mais informa\u00e7\u00f5es:  https:\/\/ifbaiano.edu.br\/portal\/blog\/contribua-com-a-ultima-etapa-de-elaboracao-do-pdi-2020-2024\/<\/p>\n","protected":false},"excerpt":{"rendered":"<p>Minuta do PDI receber\u00e1 sugest\u00f5es da comunidade, via formul\u00e1rio online, at\u00e9 23 de outubro O Plano de Desenvolvimento Institucional (PDI) 2020-2024 do Instituto Federal Baiano (IF Baiano) iniciou sua fase final e recebe contribui\u00e7\u00f5es de estudantes e seus respons\u00e1veis, professores, servidores t\u00e9cnicos, terceirizados e estagi\u00e1rios, egressos e comunidade externa at\u00e9 o dia 23 de outubro. [&hellip;]<\/p>\n","protected":false},"author":58,"featured_media":17307,"comment_status":"open","ping_status":"open","sticky":false,"template":"","format":"standard","meta":[],"categories":[64,24,65],"tags":[],"_links":{"self":[{"href":"https:\/\/www.ifbaiano.edu.br\/unidades\/lapa\/wp-json\/wp\/v2\/posts\/17306"}],"collection":[{"href":"https:\/\/www.ifbaiano.edu.br\/unidades\/lapa\/wp-json\/wp\/v2\/posts"}],"about":[{"href":"https:\/\/www.ifbaiano.edu.br\/unidades\/lapa\/wp-json\/wp\/v2\/types\/post"}],"author":[{"embeddable":true,"href":"https:\/\/www.ifbaiano.edu.br\/unidades\/lapa\/wp-json\/wp\/v2\/users\/58"}],"replies":[{"embeddable":true,"href":"https:\/\/www.ifbaiano.edu.br\/unidades\/lapa\/wp-json\/wp\/v2\/comments?post=17306"}],"version-history":[{"count":1,"href":"https:\/\/www.ifbaiano.edu.br\/unidades\/lapa\/wp-json\/wp\/v2\/posts\/17306\/revisions"}],"predecessor-version":[{"id":17308,"href":"https:\/\/www.ifbaiano.edu.br\/unidades\/lapa\/wp-json\/wp\/v2\/posts\/17306\/revisions\/17308"}],"wp:featuredmedia":[{"embeddable":true,"href":"https:\/\/www.ifbaiano.edu.br\/unidades\/lapa\/wp-json\/wp\/v2\/media\/17307"}],"wp:attachment":[{"href":"https:\/\/www.ifbaiano.edu.br\/unidades\/lapa\/wp-json\/wp\/v2\/media?parent=17306"}],"wp:term":[{"taxonomy":"category","embeddable":true,"href":"https:\/\/www.ifbaiano.edu.br\/unidades\/lapa\/wp-json\/wp\/v2\/categories?post=17306"},{"taxonomy":"post_tag","embeddable":true,"href":"https:\/\/www.ifbaiano.edu.br\/unidades\/lapa\/wp-json\/wp\/v2\/tags?post=17306"}],"curies":[{"name":"wp","href":"https:\/\/api.w.org\/{rel}","templated":true}]}}