{"id":17344,"date":"2020-10-09T07:38:23","date_gmt":"2020-10-09T10:38:23","guid":{"rendered":"https:\/\/www.ifbaiano.edu.br\/unidades\/lapa\/?p=17344"},"modified":"2020-10-16T10:21:44","modified_gmt":"2020-10-16T13:21:44","slug":"sexto-episodio-da-segunda-temporada-do-dedin-de-prosa-outubro-rosa","status":"publish","type":"post","link":"https:\/\/www.ifbaiano.edu.br\/unidades\/lapa\/2020\/10\/09\/sexto-episodio-da-segunda-temporada-do-dedin-de-prosa-outubro-rosa\/","title":{"rendered":"Sexto epis\u00f3dio da Segunda Temporada do &#8220;Dedin de Prosa&#8221; &#8211; Outubro Rosa"},"content":{"rendered":"\n<p align=\"justify\">Neste epis\u00f3dio, os servidores Rodrigo e Aline, do <em>Campus<\/em> Bom Jesus da Lapa, apresentam informa\u00e7\u00f5es sobre a campanha Outubro Rosa. Destacam a import\u00e2ncia da preven\u00e7\u00e3o e diagn\u00f3stico do c\u00e2ncer de mama, apresentam os fatores relacionados, sinais, sintomas, est\u00e1gio e formas de tratamento. <\/p>\n\n\n\n<p>Clique na Imagem para ouvir.<\/p>\n\n\n\n<figure class=\"wp-block-image size-large\"><a href=\"https:\/\/anchor.fm\/dedin-de-prosa\/episodes\/Episdio-6---Campanha-Outubro-Rosa-ekq2ft\/a-a2r158p\" target=\"_blank\" rel=\"noreferrer noopener\"><img decoding=\"async\" loading=\"lazy\" width=\"1080\" height=\"1080\" src=\"https:\/\/www.ifbaiano.edu.br\/unidades\/lapa\/files\/2020\/06\/dedin-de-prosa-lapa-itapetinga.png\" alt=\"\" class=\"wp-image-16271\" \/><\/a><figcaption>Dedin de Prosa<\/figcaption><\/figure>\n","protected":false},"excerpt":{"rendered":"<p>Neste epis\u00f3dio, os servidores Rodrigo e Aline, do Campus Bom Jesus da Lapa, apresentam informa\u00e7\u00f5es sobre a campanha Outubro Rosa. Destacam a import\u00e2ncia da preven\u00e7\u00e3o e diagn\u00f3stico do c\u00e2ncer de mama, apresentam os fatores relacionados, sinais, sintomas, est\u00e1gio e formas de tratamento. Clique na Imagem para ouvir.<\/p>\n","protected":false},"author":100,"featured_media":16271,"comment_status":"open","ping_status":"open","sticky":false,"template":"","format":"standard","meta":[],"categories":[64,24,40,65],"tags":[],"_links":{"self":[{"href":"https:\/\/www.ifbaiano.edu.br\/unidades\/lapa\/wp-json\/wp\/v2\/posts\/17344"}],"collection":[{"href":"https:\/\/www.ifbaiano.edu.br\/unidades\/lapa\/wp-json\/wp\/v2\/posts"}],"about":[{"href":"https:\/\/www.ifbaiano.edu.br\/unidades\/lapa\/wp-json\/wp\/v2\/types\/post"}],"author":[{"embeddable":true,"href":"https:\/\/www.ifbaiano.edu.br\/unidades\/lapa\/wp-json\/wp\/v2\/users\/100"}],"replies":[{"embeddable":true,"href":"https:\/\/www.ifbaiano.edu.br\/unidades\/lapa\/wp-json\/wp\/v2\/comments?post=17344"}],"version-history":[{"count":4,"href":"https:\/\/www.ifbaiano.edu.br\/unidades\/lapa\/wp-json\/wp\/v2\/posts\/17344\/revisions"}],"predecessor-version":[{"id":17427,"href":"https:\/\/www.ifbaiano.edu.br\/unidades\/lapa\/wp-json\/wp\/v2\/posts\/17344\/revisions\/17427"}],"wp:featuredmedia":[{"embeddable":true,"href":"https:\/\/www.ifbaiano.edu.br\/unidades\/lapa\/wp-json\/wp\/v2\/media\/16271"}],"wp:attachment":[{"href":"https:\/\/www.ifbaiano.edu.br\/unidades\/lapa\/wp-json\/wp\/v2\/media?parent=17344"}],"wp:term":[{"taxonomy":"category","embeddable":true,"href":"https:\/\/www.ifbaiano.edu.br\/unidades\/lapa\/wp-json\/wp\/v2\/categories?post=17344"},{"taxonomy":"post_tag","embeddable":true,"href":"https:\/\/www.ifbaiano.edu.br\/unidades\/lapa\/wp-json\/wp\/v2\/tags?post=17344"}],"curies":[{"name":"wp","href":"https:\/\/api.w.org\/{rel}","templated":true}]}}