{"id":17371,"date":"2020-10-14T12:59:19","date_gmt":"2020-10-14T15:59:19","guid":{"rendered":"https:\/\/www.ifbaiano.edu.br\/unidades\/lapa\/?p=17371"},"modified":"2020-10-14T15:59:58","modified_gmt":"2020-10-14T18:59:58","slug":"novas-vagas-para-inclusao-no-auxilio-financeiro-de-carater-emergencial","status":"publish","type":"post","link":"https:\/\/www.ifbaiano.edu.br\/unidades\/lapa\/2020\/10\/14\/novas-vagas-para-inclusao-no-auxilio-financeiro-de-carater-emergencial\/","title":{"rendered":"Novas vagas para inclus\u00e3o no aux\u00edlio financeiro de car\u00e1ter emergencial"},"content":{"rendered":"\n<p align=\"justify\">\nA\nComiss\u00e3o Local de Assist\u00eancia Estudantil \u2013 CLAE informa que a\nResolu\u00e7\u00e3o 65\/2020-OS\/CONSUP\/IFBAIANO sofreu algumas altera\u00e7\u00f5es\nestabelecidas na  Resolu\u00e7\u00e3o 85\/2020\/ OS\/CONSUP\/IFBAIANO e com isso,\numa nova sele\u00e7\u00e3o para inclus\u00e3o de novos alunos no aux\u00edlio\nfinanceiro em car\u00e1ter emergencial ser\u00e1  realizada com o intuito de\natender mais estudantes em situa\u00e7\u00e3o de vulnerabilidade\nsocioecon\u00f4mica. Al\u00e9m dos participantes do PAISE 2019; Ingressantes\nem 2019.2 e ingressantes 2020 atrav\u00e9s de cotas com renda per capta\nde at\u00e9 um sal\u00e1rio m\u00ednimo e meio, iremos atender dessa vez os\nalunos que possuem cadastro atualizado no Cad\u00danico do Governo\nFederal. Pedimos que atentem para a data da \u00faltima atualiza\u00e7\u00e3o.\nEsta, n\u00e3o deve ser anterior a mar\u00e7o de 2018. Nesta sele\u00e7\u00e3o ser\u00e3o\ndisponibilizadas 70 bolsas  no valor de 120,00 ( cento e vinte reais)\nmensais que ter\u00e3o dura\u00e7\u00e3o de 03 meses.<\/p>\n\n\n\n<p align=\"justify\">\nOs\ninteressados em participar desse processo (discentes do n\u00edvel m\u00e9dio\ne superior que n\u00e3o foram contemplados), dever\u00e3o encaminhar por\ne-mail a solicita\u00e7\u00e3o do aux\u00edlio com os seguintes documentos\nanexados: o espelho do Cad\u00danico, foto ou c\u00f3pia do CPF e foto ou\nc\u00f3pia do cart\u00e3o com dados banc\u00e1rios, para o <strong>e-mail\nda  Comiss\u00e3o Local CLAE \u2013&nbsp;clae@lapa.ifbaiano.edu.br&nbsp;no\nper\u00edodo de 15 \u00e0 23 de outubro, conforme  cronograma abaixo. <\/strong>\n<\/p>\n\n\n\n<p><p align=\"justify\">\nVale\nsalientar que de acordo com o Art. 8\u00ba desse documento, os discentes\npoder\u00e3o apresentar recurso do resultado da sele\u00e7\u00e3o em at\u00e9 48\nhoras da sua divulga\u00e7\u00e3o. O recurso dever\u00e1 ser enviado tamb\u00e9m para\no e-mail da CLAE constando seu nome completo , CPF, curso,  e\ndetalhamento do motivo do recurso.<\/p><\/p>\n\n\n\n<p><p align=\"justify\">\nEm\ncaso de d\u00favidas ou necessidade de orienta\u00e7\u00e3o, entrem em contato\ncom a CAE atrav\u00e9s do e-mail cae@lapa.ifbaiano.edu.br ou pelo\ntelefone (77) 98101-4162 (whatsapp).&nbsp;&nbsp;&nbsp;&nbsp;&nbsp;&nbsp;<\/p><\/p>\n\n\n\n<p><strong>Cronograma:<\/strong><\/p>\n\n\n\n<table border=\"1\" style=\"width: 100%\">\n<thead><tr style=\"text-transform:uppercase\">\n<td><strong>Fases<\/strong><\/td>\n<td><strong>Per\u00edodo\/Data<\/strong><\/td>\n<\/tr><thead>\n<tbody>\n<tr><td>Solicita\u00e7\u00e3o do aux\u00edlio atrav\u00e9s de email com documentos anexados<\/td>\n<td>15 \u00e0 23\/10\/2020<\/td><\/tr>\n<tr><td>An\u00e1lise e julgamento<\/td>\n<td>26 e 27\/10\/2020<\/td><\/tr>\n<tr><td>Resultado Preliminar<\/td>\n<td>28\/10\/2020<\/td><\/tr>\n<tr><td>Interposi\u00e7\u00e3o de recursos<\/td>\n<td>29 e 30\/10\/2020<\/td><\/tr>\n<tr><td>Resultado Final<\/td>\n<td>02\/11\/2020\t<\/td><\/tr>\n<tr><td>Previs\u00e3o de repasse financeiro aos estudantes <\/td>\n<td>Novembro de 2020<\/td><\/tr>\n<\/tbody>\n<\/table>\n<br>\n\n\n\n<div class=\"wp-block-file\"><a href=\"https:\/\/www.ifbaiano.edu.br\/unidades\/lapa\/files\/2020\/10\/Orientacoes-para-solicitar-Auxilio-Emergencial.pdf\" target=\"_blank\" rel=\"noreferrer noopener\">Orienta\u00e7\u00f5es para solicitar Aux\u00edlio Emergencial (Abre documento pdf em nova aba)<\/a><\/div>\n\n\n\n<div class=\"wp-block-file\"><a href=\"https:\/\/www.ifbaiano.edu.br\/unidades\/lapa\/files\/2020\/10\/Resolucao_65-2020.pdf\" target=\"_blank\" rel=\"noreferrer noopener\">Resolu\u00e7\u00e3o 65\/2020 &#8211; OS-CONSUP IFBAIANO (Abre documento pdf em nova aba)<\/a><\/div>\n\n\n\n<div class=\"wp-block-file\"><a href=\"https:\/\/www.ifbaiano.edu.br\/unidades\/lapa\/files\/2020\/10\/Resolucao_85-2020.pdf\" target=\"_blank\" rel=\"noreferrer noopener\">Resolu\u00e7\u00e3o 85\/2020 Alterar a Resolu\u00e7\u00e3o 65-2020 (Abre documento pdf em nova aba)<\/a><\/div>\n\n\n\n<p><\/p>\n","protected":false},"excerpt":{"rendered":"<p>A Comiss\u00e3o Local de Assist\u00eancia Estudantil \u2013 CLAE informa que a Resolu\u00e7\u00e3o 65\/2020-OS\/CONSUP\/IFBAIANO sofreu algumas altera\u00e7\u00f5es estabelecidas na Resolu\u00e7\u00e3o 85\/2020\/ OS\/CONSUP\/IFBAIANO e com isso, uma nova sele\u00e7\u00e3o para inclus\u00e3o de novos alunos no aux\u00edlio financeiro em car\u00e1ter emergencial ser\u00e1 realizada com o intuito de atender mais estudantes em situa\u00e7\u00e3o de vulnerabilidade socioecon\u00f4mica. Al\u00e9m dos participantes [&hellip;]<\/p>\n","protected":false},"author":100,"featured_media":0,"comment_status":"open","ping_status":"open","sticky":false,"template":"","format":"standard","meta":[],"categories":[32,64,24,65],"tags":[],"_links":{"self":[{"href":"https:\/\/www.ifbaiano.edu.br\/unidades\/lapa\/wp-json\/wp\/v2\/posts\/17371"}],"collection":[{"href":"https:\/\/www.ifbaiano.edu.br\/unidades\/lapa\/wp-json\/wp\/v2\/posts"}],"about":[{"href":"https:\/\/www.ifbaiano.edu.br\/unidades\/lapa\/wp-json\/wp\/v2\/types\/post"}],"author":[{"embeddable":true,"href":"https:\/\/www.ifbaiano.edu.br\/unidades\/lapa\/wp-json\/wp\/v2\/users\/100"}],"replies":[{"embeddable":true,"href":"https:\/\/www.ifbaiano.edu.br\/unidades\/lapa\/wp-json\/wp\/v2\/comments?post=17371"}],"version-history":[{"count":24,"href":"https:\/\/www.ifbaiano.edu.br\/unidades\/lapa\/wp-json\/wp\/v2\/posts\/17371\/revisions"}],"predecessor-version":[{"id":17389,"href":"https:\/\/www.ifbaiano.edu.br\/unidades\/lapa\/wp-json\/wp\/v2\/posts\/17371\/revisions\/17389"}],"wp:attachment":[{"href":"https:\/\/www.ifbaiano.edu.br\/unidades\/lapa\/wp-json\/wp\/v2\/media?parent=17371"}],"wp:term":[{"taxonomy":"category","embeddable":true,"href":"https:\/\/www.ifbaiano.edu.br\/unidades\/lapa\/wp-json\/wp\/v2\/categories?post=17371"},{"taxonomy":"post_tag","embeddable":true,"href":"https:\/\/www.ifbaiano.edu.br\/unidades\/lapa\/wp-json\/wp\/v2\/tags?post=17371"}],"curies":[{"name":"wp","href":"https:\/\/api.w.org\/{rel}","templated":true}]}}