{"id":17437,"date":"2020-10-19T17:52:09","date_gmt":"2020-10-19T20:52:09","guid":{"rendered":"https:\/\/www.ifbaiano.edu.br\/unidades\/lapa\/?p=17437"},"modified":"2020-10-19T17:52:09","modified_gmt":"2020-10-19T20:52:09","slug":"nota-de-pesar-professor-ricardo-melo","status":"publish","type":"post","link":"https:\/\/www.ifbaiano.edu.br\/unidades\/lapa\/2020\/10\/19\/nota-de-pesar-professor-ricardo-melo\/","title":{"rendered":"Nota de Pesar &#8211; Professor Ricardo Melo"},"content":{"rendered":"\n<p>\u00c9 com grande pesar que o IF Baiano &#8211; Campus Bom Jesus da Lapa Comunica o falecimento do professor Ricardo de Oliveira Melo, ocorrido na tarde desta segunda-feira (19\/10\/2020), em Janu\u00e1ria (MG).<br> O professor Ricardo, mesmo em tratamento de sa\u00fade, nunca perdeu a motiva\u00e7\u00e3o, a esperan\u00e7a na vida e o desejo de voltar ao trabalho. Deixa para n\u00f3s o exemplo de um guerreiro, que lutou incansavelmene, pela vida, at\u00e9 seus \u00faltimos momentos.<\/p>\n\n\n\n<figure class=\"wp-block-image size-large\"><img decoding=\"async\" loading=\"lazy\" width=\"960\" height=\"720\" src=\"https:\/\/www.ifbaiano.edu.br\/unidades\/lapa\/files\/2020\/10\/Nota_de_Pesar-professor_Ricardo.gif\" alt=\"\" class=\"wp-image-17438\" \/><\/figure>\n","protected":false},"excerpt":{"rendered":"<p>\u00c9 com grande pesar que o IF Baiano &#8211; Campus Bom Jesus da Lapa Comunica o falecimento do professor Ricardo de Oliveira Melo, ocorrido na tarde desta segunda-feira (19\/10\/2020), em Janu\u00e1ria (MG). O professor Ricardo, mesmo em tratamento de sa\u00fade, nunca perdeu a motiva\u00e7\u00e3o, a esperan\u00e7a na vida e o desejo de voltar ao trabalho. [&hellip;]<\/p>\n","protected":false},"author":100,"featured_media":17438,"comment_status":"open","ping_status":"open","sticky":false,"template":"","format":"standard","meta":[],"categories":[64,24,65],"tags":[],"_links":{"self":[{"href":"https:\/\/www.ifbaiano.edu.br\/unidades\/lapa\/wp-json\/wp\/v2\/posts\/17437"}],"collection":[{"href":"https:\/\/www.ifbaiano.edu.br\/unidades\/lapa\/wp-json\/wp\/v2\/posts"}],"about":[{"href":"https:\/\/www.ifbaiano.edu.br\/unidades\/lapa\/wp-json\/wp\/v2\/types\/post"}],"author":[{"embeddable":true,"href":"https:\/\/www.ifbaiano.edu.br\/unidades\/lapa\/wp-json\/wp\/v2\/users\/100"}],"replies":[{"embeddable":true,"href":"https:\/\/www.ifbaiano.edu.br\/unidades\/lapa\/wp-json\/wp\/v2\/comments?post=17437"}],"version-history":[{"count":2,"href":"https:\/\/www.ifbaiano.edu.br\/unidades\/lapa\/wp-json\/wp\/v2\/posts\/17437\/revisions"}],"predecessor-version":[{"id":17440,"href":"https:\/\/www.ifbaiano.edu.br\/unidades\/lapa\/wp-json\/wp\/v2\/posts\/17437\/revisions\/17440"}],"wp:featuredmedia":[{"embeddable":true,"href":"https:\/\/www.ifbaiano.edu.br\/unidades\/lapa\/wp-json\/wp\/v2\/media\/17438"}],"wp:attachment":[{"href":"https:\/\/www.ifbaiano.edu.br\/unidades\/lapa\/wp-json\/wp\/v2\/media?parent=17437"}],"wp:term":[{"taxonomy":"category","embeddable":true,"href":"https:\/\/www.ifbaiano.edu.br\/unidades\/lapa\/wp-json\/wp\/v2\/categories?post=17437"},{"taxonomy":"post_tag","embeddable":true,"href":"https:\/\/www.ifbaiano.edu.br\/unidades\/lapa\/wp-json\/wp\/v2\/tags?post=17437"}],"curies":[{"name":"wp","href":"https:\/\/api.w.org\/{rel}","templated":true}]}}