{"id":17450,"date":"2020-10-20T16:07:36","date_gmt":"2020-10-20T19:07:36","guid":{"rendered":"https:\/\/www.ifbaiano.edu.br\/unidades\/lapa\/?p=17450"},"modified":"2020-10-20T16:44:49","modified_gmt":"2020-10-20T19:44:49","slug":"aviso-de-licitacao","status":"publish","type":"post","link":"https:\/\/www.ifbaiano.edu.br\/unidades\/lapa\/2020\/10\/20\/aviso-de-licitacao\/","title":{"rendered":"Aviso de Licita\u00e7\u00e3o"},"content":{"rendered":"\n<p> Tomada de Pre\u00e7os N\u00ba <strong>00001\/2020<\/strong> &#8211; UASG 151889<br>N\u00ba Processo:<strong> 23328251098202026.<\/strong><br>Objeto:  Contrata\u00e7\u00e3o de execu\u00e7\u00e3o do Projeto de Preven\u00e7\u00e3o e Combate Contra  Inc\u00eandio e Controle de P\u00e2nico, referente \u00e0 adequa\u00e7\u00e3o das instala\u00e7\u00f5es do  Instituto Federal Baiano \u2013 Campus Bom Jesus da Lapa.. Total de Itens  Licitados: 1. Edital no DOU em 21\/10\/2020 dispon\u00edvel em <a rel=\"noreferrer noopener\" target=\"_blank\" href=\"https:\/\/www.gov.br\/compras\/edital\/151889-2-00001-2020\">https:\/\/www.gov.br\/compras\/edital\/151889-2-00001-2020<\/a> ou nos anexos abaixo. Entrega das Propostas: <strong>13\/11\/2020 \u00e0s 09h30<\/strong>.  Endere\u00e7o: Br 349 &#8211; Km14 \u2013 Zona Rural &#8211; Caixa Postal 34 &#8211; Cep: 47600.000  \u2013 Bom Jesus da Lapa \u2013, Zona Rural \u2013 Bom Jesus da Lapa\/BA. <\/p>\n\n\n\n<div class=\"wp-block-file\"><a href=\"https:\/\/www.ifbaiano.edu.br\/unidades\/lapa\/files\/2020\/10\/Instrumento_Editalicio_-_TP_01-2020.pdf\" target=\"_blank\" rel=\"noreferrer noopener\">Instrumento Edital\u00edcio &#8211; TP 01-2020 (Arquivo pdf, abre em nova aba)<\/a><\/div>\n\n\n\n<div class=\"wp-block-file\"><a href=\"https:\/\/www.ifbaiano.edu.br\/unidades\/lapa\/files\/2020\/10\/Anexo_I_-_Projeto_Basico.pdf\" target=\"_blank\" rel=\"noreferrer noopener\">Anexo I &#8211; Projeto B\u00e1sico (Arquivo pdf, abre em nova aba)<\/a><\/div>\n\n\n\n<div class=\"wp-block-file\"><a href=\"https:\/\/www.ifbaiano.edu.br\/unidades\/lapa\/files\/2020\/10\/Anexo_II_-_Termo_de_Contrato.pdf\" target=\"_blank\" rel=\"noreferrer noopener\">Anexo II &#8211; Termo de Contrato (Arquivo pdf, abre em nova aba)<\/a><\/div>\n\n\n\n<div class=\"wp-block-file\"><a href=\"https:\/\/www.ifbaiano.edu.br\/unidades\/lapa\/files\/2020\/10\/Anexo_III_-_Planilha_Orcamentaria.pdf\" target=\"_blank\" rel=\"noreferrer noopener\">Anexo III &#8211; Planilha Or\u00e7ament\u00e1ria (Arquivo pdf, abre em nova aba)<\/a><\/div>\n\n\n\n<div class=\"wp-block-file\"><a href=\"https:\/\/www.ifbaiano.edu.br\/unidades\/lapa\/files\/2020\/10\/Anexo_III_-_Planilha_Orcamentaria.ods\">Anexo III &#8211; Planilha Or\u00e7ament\u00e1ria (Arquivo ods, Tamanho 91 KB)<\/a><\/div>\n\n\n\n<div class=\"wp-block-file\"><a href=\"https:\/\/www.ifbaiano.edu.br\/unidades\/lapa\/files\/2020\/10\/Anexo_IV_-_Memorial_Descritivo.pdf\" target=\"_blank\" rel=\"noreferrer noopener\">Anexo IV &#8211; Memorial Descritivo (Arquivo pdf, abre em nova aba)<\/a><\/div>\n\n\n\n<div class=\"wp-block-file\"><a href=\"https:\/\/www.ifbaiano.edu.br\/unidades\/lapa\/files\/2020\/10\/Anexo_V_-_Pranchas.pdf\" target=\"_blank\" rel=\"noreferrer noopener\">Anexo V &#8211; Pranchas (Arquivo pdf, abre em nova aba)<\/a><\/div>\n\n\n\n<div class=\"wp-block-file\"><a href=\"https:\/\/www.ifbaiano.edu.br\/unidades\/lapa\/files\/2020\/10\/Anexo_VI_-_BDI.pdf\" target=\"_blank\" rel=\"noreferrer noopener\">Anexo VI &#8211; BDI (Arquivo pdf, abre em nova aba)<\/a><\/div>\n\n\n\n<div class=\"wp-block-file\"><a href=\"https:\/\/www.ifbaiano.edu.br\/unidades\/lapa\/files\/2020\/10\/Anexo_VI_-_BDI.ods\">Anexo VI &#8211; BDI (Arquivo ods, Tamanho 98 KB)<\/a><\/div>\n\n\n\n<div class=\"wp-block-file\"><a href=\"https:\/\/www.ifbaiano.edu.br\/unidades\/lapa\/files\/2020\/10\/Anexo_VII_-_Matriz_de_Riscos.pdf\" target=\"_blank\" rel=\"noreferrer noopener\">Anexo VII &#8211; Matriz de Riscos (Arquivo pdf, abre em nova aba)<\/a><\/div>\n\n\n\n<div class=\"wp-block-file\"><a href=\"https:\/\/www.ifbaiano.edu.br\/unidades\/lapa\/files\/2020\/10\/Anexo_VIII_-_Cronograma_Fisico-Financeiro.pdf\" target=\"_blank\" rel=\"noreferrer noopener\">Anexo VIII &#8211; Cronograma F\u00edsico-Financeiro (Arquivo pdf, abre em nova aba)<\/a><\/div>\n\n\n\n<div class=\"wp-block-file\"><a href=\"https:\/\/www.ifbaiano.edu.br\/unidades\/lapa\/files\/2020\/10\/Anexo_VIII_-_Cronograma_Fisico-Financeiro.ods\" target=\"_blank\" rel=\"noreferrer noopener\">Anexo VIII &#8211; Cronograma F\u00edsico-Financeiro (Arquivo ods, Tamanho 28 KB)<\/a><\/div>\n\n\n\n<div class=\"wp-block-file\"><a href=\"https:\/\/www.ifbaiano.edu.br\/unidades\/lapa\/files\/2020\/10\/Anexo_IX_-_Modelo_de_declaracao_XXXIII_do_art_7_CF.pdf\" target=\"_blank\" rel=\"noreferrer noopener\">Anexo IX &#8211; Modelo de declara\u00e7\u00e3o XXXIII do art. 7\u00ba CF (Arquivo pdf, abre em nova aba)<\/a><\/div>\n\n\n\n<div class=\"wp-block-file\"><a href=\"https:\/\/www.ifbaiano.edu.br\/unidades\/lapa\/files\/2020\/10\/Anexo_X_-_Modelo_de_carta_de_apresentacao_da_proposta.pdf\" target=\"_blank\" rel=\"noreferrer noopener\">Anexo X &#8211; Modelo de carta de apresenta\u00e7\u00e3o da proposta (Arquivo pdf, abre em nova aba)<\/a><\/div>\n\n\n\n<div class=\"wp-block-file\"><a href=\"https:\/\/www.ifbaiano.edu.br\/unidades\/lapa\/files\/2020\/10\/Anexo_XI_-_Declaracao_de_elaboracao_independente_de_proposta.pdf\" target=\"_blank\" rel=\"noreferrer noopener\">Anexo XI &#8211; Declara\u00e7\u00e3o de elabora\u00e7\u00e3o independente de proposta (Arquivo pdf, abre em nova aba)<\/a><\/div>\n\n\n\n<div class=\"wp-block-file\"><a href=\"https:\/\/www.ifbaiano.edu.br\/unidades\/lapa\/files\/2020\/10\/Anexo_XII_-_Declaracao_de_inexitencia_de_fato_superveniente.pdf\" target=\"_blank\" rel=\"noreferrer noopener\">Anexo XII &#8211; Declara\u00e7\u00e3o de inexist\u00eancia de fato superveniente (Arquivo pdf, abre em nova aba)<\/a><\/div>\n\n\n\n<div class=\"wp-block-file\"><a href=\"https:\/\/www.ifbaiano.edu.br\/unidades\/lapa\/files\/2020\/10\/Anexo_XIII_-_Modelo_de_Atestado_de_Vistoria.pdf\" target=\"_blank\" rel=\"noreferrer noopener\">Anexo XIII &#8211; Modelo de Atestado de Vistoria (Arquivo pdf, abre em nova aba)<\/a><\/div>\n\n\n\n<div class=\"wp-block-file\"><a href=\"https:\/\/www.ifbaiano.edu.br\/unidades\/lapa\/files\/2020\/10\/Anexo_XIV_-_Declaracao_enquadramento_ME_EPP.pdf\" target=\"_blank\" rel=\"noreferrer noopener\">Anexo XIV &#8211; Declara\u00e7\u00e3o enquadramento ME-EPP (Arquivo pdf, abre em nova aba)<\/a><\/div>\n\n\n\n<div class=\"wp-block-file\"><a href=\"https:\/\/www.ifbaiano.edu.br\/unidades\/lapa\/files\/2020\/10\/Anexo_XV_-_Declaracao_de_aparelhamento_pessoal_tecnico_e_idoneidade.pdf\" target=\"_blank\" rel=\"noreferrer noopener\">Anexo XV &#8211; Declara\u00e7\u00e3o de aparelhamento pessoal, t\u00e9cnico e idoneidade (Arquivo pdf, abre em nova aba)<\/a><\/div>\n","protected":false},"excerpt":{"rendered":"<p>Tomada de Pre\u00e7os N\u00ba 00001\/2020 &#8211; UASG 151889N\u00ba Processo: 23328251098202026.Objeto: Contrata\u00e7\u00e3o de execu\u00e7\u00e3o do Projeto de Preven\u00e7\u00e3o e Combate Contra Inc\u00eandio e Controle de P\u00e2nico, referente \u00e0 adequa\u00e7\u00e3o das instala\u00e7\u00f5es do Instituto Federal Baiano \u2013 Campus Bom Jesus da Lapa.. Total de Itens Licitados: 1. Edital no DOU em 21\/10\/2020 dispon\u00edvel em https:\/\/www.gov.br\/compras\/edital\/151889-2-00001-2020 ou nos [&hellip;]<\/p>\n","protected":false},"author":100,"featured_media":0,"comment_status":"open","ping_status":"open","sticky":false,"template":"","format":"standard","meta":[],"categories":[64,26,24,103,65],"tags":[],"_links":{"self":[{"href":"https:\/\/www.ifbaiano.edu.br\/unidades\/lapa\/wp-json\/wp\/v2\/posts\/17450"}],"collection":[{"href":"https:\/\/www.ifbaiano.edu.br\/unidades\/lapa\/wp-json\/wp\/v2\/posts"}],"about":[{"href":"https:\/\/www.ifbaiano.edu.br\/unidades\/lapa\/wp-json\/wp\/v2\/types\/post"}],"author":[{"embeddable":true,"href":"https:\/\/www.ifbaiano.edu.br\/unidades\/lapa\/wp-json\/wp\/v2\/users\/100"}],"replies":[{"embeddable":true,"href":"https:\/\/www.ifbaiano.edu.br\/unidades\/lapa\/wp-json\/wp\/v2\/comments?post=17450"}],"version-history":[{"count":19,"href":"https:\/\/www.ifbaiano.edu.br\/unidades\/lapa\/wp-json\/wp\/v2\/posts\/17450\/revisions"}],"predecessor-version":[{"id":17465,"href":"https:\/\/www.ifbaiano.edu.br\/unidades\/lapa\/wp-json\/wp\/v2\/posts\/17450\/revisions\/17465"}],"wp:attachment":[{"href":"https:\/\/www.ifbaiano.edu.br\/unidades\/lapa\/wp-json\/wp\/v2\/media?parent=17450"}],"wp:term":[{"taxonomy":"category","embeddable":true,"href":"https:\/\/www.ifbaiano.edu.br\/unidades\/lapa\/wp-json\/wp\/v2\/categories?post=17450"},{"taxonomy":"post_tag","embeddable":true,"href":"https:\/\/www.ifbaiano.edu.br\/unidades\/lapa\/wp-json\/wp\/v2\/tags?post=17450"}],"curies":[{"name":"wp","href":"https:\/\/api.w.org\/{rel}","templated":true}]}}