{"id":17494,"date":"2020-10-23T17:11:01","date_gmt":"2020-10-23T20:11:01","guid":{"rendered":"https:\/\/www.ifbaiano.edu.br\/unidades\/lapa\/?p=17494"},"modified":"2020-10-23T17:12:21","modified_gmt":"2020-10-23T20:12:21","slug":"submissoes-de-trabalhos-ao-simposio-de-ensino-pesquisa-e-extensao-2020","status":"publish","type":"post","link":"https:\/\/www.ifbaiano.edu.br\/unidades\/lapa\/2020\/10\/23\/submissoes-de-trabalhos-ao-simposio-de-ensino-pesquisa-e-extensao-2020\/","title":{"rendered":"Submiss\u00f5es de trabalhos ao Simp\u00f3sio de Ensino, Pesquisa e Extens\u00e3o 2020"},"content":{"rendered":"\n<p>Campus Bom Jesus da Lapa abre per\u00edodo para submiss\u00f5es de trabalhos ao Simp\u00f3sio de Ensino, Pesquisa e Extens\u00e3o 2020<\/p>\n\n\n\n<p>A comiss\u00e3o Organizadora do Simp\u00f3sio de Ensino, Pesquisa e Extens\u00e3o 2020, do IF Baiano &#8211; Campus Bom Jesus da Lapa, tem a satisfa\u00e7\u00e3o de comunicar que est\u00e1 aberto o per\u00edodo para submiss\u00e3o de trabalhos cient\u00edficos que ser\u00e3o apresentados no evento. Ser\u00e3o recebidos resumos expandidos nas seguintes \u00e1reas do conhecimento:<br>     \u2022 Ci\u00eancias Humanas, Sociais, Lingu\u00edstica, Letras e Artes;<br>     \u2022 Ci\u00eancias da Natureza;<br>     \u2022 Ci\u00eancias Exatas, da Terra e Agr\u00e1rias;<br>     \u2022 Gest\u00e3o da Tecnologia da Informa\u00e7\u00e3o e Comunica\u00e7\u00e3o.<br> Ser\u00e3o aceitos trabalhos de discentes, docentes e pesquisadores nos n\u00edveis b\u00e1sico, t\u00e9cnico, tecnol\u00f3gico e superior (gradua\u00e7\u00e3o e p\u00f3s-gradua\u00e7\u00e3o). Poder\u00e3o ser apresentados resultados de projetos de pesquisa e relatos de experi\u00eancia desenvolvidos ou em desenvolvimento. O modelo orientador, cronograma das etapas da submiss\u00e3o e o formato das apresenta\u00e7\u00f5es podem ser acessado no site do evento, no seguinte link: <a href=\"http:\/\/eventos.lapa.ifbaiano.edu.br\/SiEPEx2020\/submissao-dos-trabalhos\/\">http:\/\/eventos.lapa.ifbaiano.edu.br\/SiEPEx2020\/submissao-dos-trabalhos\/<\/a><\/p>\n\n\n\n<p>O QUE \u00c9 O SIMP\u00d3SIO?<\/p>\n\n\n\n<p>O Simp\u00f3sio de Ensino, Pesquisa e Extens\u00e3o do IF Baiano Campus Bom Jesus da Lapa (SiEPEx) \u00e9 um evento t\u00e9cnico-cient\u00edfico, que tem como objetivo proporcionar aos estudantes, professores, pesquisadores profissionais liberais, produtores rurais e o p\u00fablico em geral, uma discuss\u00e3o atualizada sobre as perspectivas e desafios da educa\u00e7\u00e3o, ci\u00eancia, extens\u00e3o e inova\u00e7\u00e3o em tempos de pandemia.<br>\nCom o tema \u201cCi\u00eancia, Territ\u00f3rio, Sociedade para al\u00e9m do tempo de pandemia\u201d o Simpeex almejar cumprir sua miss\u00e3o de promover junto ao seu p\u00fablico um intenso debate e reflex\u00e3o sobre o atual momento de excepcionalidade e seus poss\u00edveis cen\u00e1rios dentro de um contexto social e econ\u00f4mico do pa\u00eds.<br>\nO evento possibilitar\u00e1 tamb\u00e9m a socializa\u00e7\u00e3o de produ\u00e7\u00f5es cientificas da comunidade acad\u00eamica interna e externa do IF Baiano, de modo a fortalecer a sua inter-rela\u00e7\u00e3o e promover a indissociabilidade.<br>\nATIVIDADES QUE SER\u00c3O REALIZADAS<br>\nO evento ser\u00e1 organizado atrav\u00e9s de palestras, mesas redondas, oficinas, minicursos, apresenta\u00e7\u00f5es culturais e apresenta\u00e7\u00f5es de trabalho, no formato virtual, com o uso de plataformas como youtube, teams Microsoft e web caf\u00e9.<br>\nD\u00daVIDAS SOBRE O PROCESSO DE SUBMISS\u00c3O<br>\nPoss\u00edveis d\u00favidas sobre o processo de submiss\u00e3o ou sobre o evento poder\u00e3o ser direcionadas para: eventos@lapa.ifbaiano.edu.br <\/p>\n\n\n\n<figure class=\"wp-block-image size-large\"><img decoding=\"async\" loading=\"lazy\" width=\"890\" height=\"890\" src=\"https:\/\/www.ifbaiano.edu.br\/unidades\/lapa\/files\/2020\/10\/SiEPEx2020_logo.png\" alt=\"\" class=\"wp-image-17493\" \/><figcaption>Logomarga SiEPEx 2020<\/figcaption><\/figure>\n\n\n\n<h1 class=\"wp-block-heading\">#pratodosverem<\/h1>\n\n\n\n<p>Card quadrado com fundo verde claro e cinza. Acima, do lado direito, na cor azul: s\u00edmbolo acess\u00edvel em libras. Abaixo do s\u00edmbolo, do lado esquerdo, uma imagem de uma m\u00e3o na cor marron, aberta, com a palma virada para cima segurando uma vidraria de laborat\u00f3rio com uma \u00e1rvore dentro. A \u00e1rvore tem o tronco fino, composta de quatro galhos com folhas verdes. \u00c0 direita da imagem, em letras marrons: Simp\u00f3sio de Ensino, Pesquisa e Extens\u00e3o, e o S\u00edmbolo do Instituto Instituto Federal Baiano, Campus Bom Jesus da Lapa. Abaixo da imagem e centralizado, o per\u00edodo do evento: 09 a 11 de dezembro de 2020.<\/p>\n\n\n\n<p>COMISS\u00c3O ORGANIZADORA<br>\nIF Baiano \u2013 Campus Bom Jesus da Lapa<\/p>\n","protected":false},"excerpt":{"rendered":"<p>Campus Bom Jesus da Lapa abre per\u00edodo para submiss\u00f5es de trabalhos ao Simp\u00f3sio de Ensino, Pesquisa e Extens\u00e3o 2020 A comiss\u00e3o Organizadora do Simp\u00f3sio de Ensino, Pesquisa e Extens\u00e3o 2020, do IF Baiano &#8211; Campus Bom Jesus da Lapa, tem a satisfa\u00e7\u00e3o de comunicar que est\u00e1 aberto o per\u00edodo para submiss\u00e3o de trabalhos cient\u00edficos que [&hellip;]<\/p>\n","protected":false},"author":100,"featured_media":17493,"comment_status":"open","ping_status":"open","sticky":false,"template":"","format":"standard","meta":[],"categories":[64,24,65],"tags":[],"_links":{"self":[{"href":"https:\/\/www.ifbaiano.edu.br\/unidades\/lapa\/wp-json\/wp\/v2\/posts\/17494"}],"collection":[{"href":"https:\/\/www.ifbaiano.edu.br\/unidades\/lapa\/wp-json\/wp\/v2\/posts"}],"about":[{"href":"https:\/\/www.ifbaiano.edu.br\/unidades\/lapa\/wp-json\/wp\/v2\/types\/post"}],"author":[{"embeddable":true,"href":"https:\/\/www.ifbaiano.edu.br\/unidades\/lapa\/wp-json\/wp\/v2\/users\/100"}],"replies":[{"embeddable":true,"href":"https:\/\/www.ifbaiano.edu.br\/unidades\/lapa\/wp-json\/wp\/v2\/comments?post=17494"}],"version-history":[{"count":3,"href":"https:\/\/www.ifbaiano.edu.br\/unidades\/lapa\/wp-json\/wp\/v2\/posts\/17494\/revisions"}],"predecessor-version":[{"id":17497,"href":"https:\/\/www.ifbaiano.edu.br\/unidades\/lapa\/wp-json\/wp\/v2\/posts\/17494\/revisions\/17497"}],"wp:featuredmedia":[{"embeddable":true,"href":"https:\/\/www.ifbaiano.edu.br\/unidades\/lapa\/wp-json\/wp\/v2\/media\/17493"}],"wp:attachment":[{"href":"https:\/\/www.ifbaiano.edu.br\/unidades\/lapa\/wp-json\/wp\/v2\/media?parent=17494"}],"wp:term":[{"taxonomy":"category","embeddable":true,"href":"https:\/\/www.ifbaiano.edu.br\/unidades\/lapa\/wp-json\/wp\/v2\/categories?post=17494"},{"taxonomy":"post_tag","embeddable":true,"href":"https:\/\/www.ifbaiano.edu.br\/unidades\/lapa\/wp-json\/wp\/v2\/tags?post=17494"}],"curies":[{"name":"wp","href":"https:\/\/api.w.org\/{rel}","templated":true}]}}