{"id":17498,"date":"2020-10-23T22:00:15","date_gmt":"2020-10-24T01:00:15","guid":{"rendered":"https:\/\/www.ifbaiano.edu.br\/unidades\/lapa\/?p=17498"},"modified":"2020-10-23T22:00:15","modified_gmt":"2020-10-24T01:00:15","slug":"live-tematica-do-projeto-jornada-astronomica","status":"publish","type":"post","link":"https:\/\/www.ifbaiano.edu.br\/unidades\/lapa\/2020\/10\/23\/live-tematica-do-projeto-jornada-astronomica\/","title":{"rendered":"Live Tem\u00e1tica do Projeto Jornada Astron\u00f4mica"},"content":{"rendered":"\n<p>O Campus Bom Jesus da Lapa promover\u00e1, no pr\u00f3ximo dia 27 de outubro de 2020, \u00e0s 19 horas, no youtube institucional, a live tem\u00e1tica &#8221; O C\u00e9u de Stellarium e os foguetes virtuais&#8221;. A atividade ser\u00e1 mediada pelo professor Samir Brune, Coordenador do projeto de extens\u00e3o &#8220;Jornada Astron\u00f4mica&#8221; e contar\u00e1 com a participa\u00e7\u00e3o do Prof. Dr Jo\u00e3o Batista Garcia Canalle, presidente da Comiss\u00e3o Organizadora da OBA &#8211; Olimp\u00edada Brasileira de Astronomia. A palestra poder\u00e1 ser acompanhada no abaixo.<\/p>\n\n\n\n<figure class=\"wp-block-embed-youtube wp-block-embed is-type-video is-provider-youtube wp-embed-aspect-16-9 wp-has-aspect-ratio\"><div class=\"wp-block-embed__wrapper\">\n<iframe loading=\"lazy\" title=\"Live Tem\u00e1tica do Projeto Jornada Astron\u00f4mica - 27\/10\/2020\" width=\"500\" height=\"281\" src=\"https:\/\/www.youtube.com\/embed\/SyI7LOJwY74?feature=oembed\" frameborder=\"0\" allow=\"accelerometer; autoplay; clipboard-write; encrypted-media; gyroscope; picture-in-picture\" allowfullscreen><\/iframe>\n<\/div><\/figure>\n","protected":false},"excerpt":{"rendered":"<p>O Campus Bom Jesus da Lapa promover\u00e1, no pr\u00f3ximo dia 27 de outubro de 2020, \u00e0s 19 horas, no youtube institucional, a live tem\u00e1tica &#8221; O C\u00e9u de Stellarium e os foguetes virtuais&#8221;. A atividade ser\u00e1 mediada pelo professor Samir Brune, Coordenador do projeto de extens\u00e3o &#8220;Jornada Astron\u00f4mica&#8221; e contar\u00e1 com a participa\u00e7\u00e3o do Prof. [&hellip;]<\/p>\n","protected":false},"author":100,"featured_media":17499,"comment_status":"open","ping_status":"open","sticky":false,"template":"","format":"standard","meta":[],"categories":[64,24,40,65],"tags":[],"_links":{"self":[{"href":"https:\/\/www.ifbaiano.edu.br\/unidades\/lapa\/wp-json\/wp\/v2\/posts\/17498"}],"collection":[{"href":"https:\/\/www.ifbaiano.edu.br\/unidades\/lapa\/wp-json\/wp\/v2\/posts"}],"about":[{"href":"https:\/\/www.ifbaiano.edu.br\/unidades\/lapa\/wp-json\/wp\/v2\/types\/post"}],"author":[{"embeddable":true,"href":"https:\/\/www.ifbaiano.edu.br\/unidades\/lapa\/wp-json\/wp\/v2\/users\/100"}],"replies":[{"embeddable":true,"href":"https:\/\/www.ifbaiano.edu.br\/unidades\/lapa\/wp-json\/wp\/v2\/comments?post=17498"}],"version-history":[{"count":3,"href":"https:\/\/www.ifbaiano.edu.br\/unidades\/lapa\/wp-json\/wp\/v2\/posts\/17498\/revisions"}],"predecessor-version":[{"id":17502,"href":"https:\/\/www.ifbaiano.edu.br\/unidades\/lapa\/wp-json\/wp\/v2\/posts\/17498\/revisions\/17502"}],"wp:featuredmedia":[{"embeddable":true,"href":"https:\/\/www.ifbaiano.edu.br\/unidades\/lapa\/wp-json\/wp\/v2\/media\/17499"}],"wp:attachment":[{"href":"https:\/\/www.ifbaiano.edu.br\/unidades\/lapa\/wp-json\/wp\/v2\/media?parent=17498"}],"wp:term":[{"taxonomy":"category","embeddable":true,"href":"https:\/\/www.ifbaiano.edu.br\/unidades\/lapa\/wp-json\/wp\/v2\/categories?post=17498"},{"taxonomy":"post_tag","embeddable":true,"href":"https:\/\/www.ifbaiano.edu.br\/unidades\/lapa\/wp-json\/wp\/v2\/tags?post=17498"}],"curies":[{"name":"wp","href":"https:\/\/api.w.org\/{rel}","templated":true}]}}