{"id":176,"date":"2011-08-20T16:15:45","date_gmt":"2011-08-20T16:15:45","guid":{"rendered":"http:\/\/www.ifbaiano.edu.br\/unidades\/lapa\/?p=176"},"modified":"2011-08-20T16:15:45","modified_gmt":"2011-08-20T16:15:45","slug":"i-semana-de-tecnologia-da-informacao-2","status":"publish","type":"post","link":"https:\/\/www.ifbaiano.edu.br\/unidades\/lapa\/2011\/08\/20\/i-semana-de-tecnologia-da-informacao-2\/","title":{"rendered":"I Semana de Tecnologia da Informa\u00e7\u00e3o"},"content":{"rendered":"\n\t\t<style type=\"text\/css\">\n\t\t\t#gallery-1 {\n\t\t\t\tmargin: auto;\n\t\t\t}\n\t\t\t#gallery-1 .gallery-item {\n\t\t\t\tfloat: left;\n\t\t\t\tmargin-top: 10px;\n\t\t\t\ttext-align: center;\n\t\t\t\twidth: 50%;\n\t\t\t}\n\t\t\t#gallery-1 img {\n\t\t\t\tborder: 2px solid #cfcfcf;\n\t\t\t}\n\t\t\t#gallery-1 .gallery-caption {\n\t\t\t\tmargin-left: 0;\n\t\t\t}\n\t\t\t\/* see gallery_shortcode() in wp-includes\/media.php *\/\n\t\t<\/style>\n\t\t<div id='gallery-1' class='gallery galleryid-176 gallery-columns-2 gallery-size-thumbnail'><dl class='gallery-item'>\n\t\t\t<dt class='gallery-icon landscape'>\n\t\t\t\t<a href='https:\/\/www.ifbaiano.edu.br\/unidades\/lapa\/2011\/08\/20\/i-semana-de-tecnologia-da-informacao-2\/2011-08-10_20-59-24_198\/'><img width=\"150\" height=\"150\" src=\"https:\/\/www.ifbaiano.edu.br\/unidades\/lapa\/files\/2011\/08\/2011-08-10_20-59-24_198-150x150.jpg\" class=\"attachment-thumbnail size-thumbnail\" alt=\"\" decoding=\"async\" loading=\"lazy\" \/><\/a>\n\t\t\t<\/dt><\/dl><dl class='gallery-item'>\n\t\t\t<dt class='gallery-icon landscape'>\n\t\t\t\t<a href='https:\/\/www.ifbaiano.edu.br\/unidades\/lapa\/2011\/08\/20\/i-semana-de-tecnologia-da-informacao-2\/dsc03119\/'><img width=\"150\" height=\"150\" src=\"https:\/\/www.ifbaiano.edu.br\/unidades\/lapa\/files\/2011\/08\/DSC03119-150x150.jpg\" class=\"attachment-thumbnail size-thumbnail\" alt=\"\" decoding=\"async\" loading=\"lazy\" \/><\/a>\n\t\t\t<\/dt><\/dl><br style=\"clear: both\" \/><dl class='gallery-item'>\n\t\t\t<dt class='gallery-icon landscape'>\n\t\t\t\t<a href='https:\/\/www.ifbaiano.edu.br\/unidades\/lapa\/2011\/08\/20\/i-semana-de-tecnologia-da-informacao-2\/dsc03120\/'><img width=\"150\" height=\"150\" src=\"https:\/\/www.ifbaiano.edu.br\/unidades\/lapa\/files\/2011\/08\/DSC03120-150x150.jpg\" class=\"attachment-thumbnail size-thumbnail\" alt=\"\" decoding=\"async\" loading=\"lazy\" \/><\/a>\n\t\t\t<\/dt><\/dl><dl class='gallery-item'>\n\t\t\t<dt class='gallery-icon landscape'>\n\t\t\t\t<a href='https:\/\/www.ifbaiano.edu.br\/unidades\/lapa\/2011\/08\/20\/i-semana-de-tecnologia-da-informacao-2\/dsc03137\/'><img width=\"150\" height=\"150\" src=\"https:\/\/www.ifbaiano.edu.br\/unidades\/lapa\/files\/2011\/08\/DSC03137-150x150.jpg\" class=\"attachment-thumbnail size-thumbnail\" alt=\"\" decoding=\"async\" loading=\"lazy\" \/><\/a>\n\t\t\t<\/dt><\/dl><br style=\"clear: both\" \/>\n\t\t<\/div>\n\n<p align=\"JUSTIFY\">\n<p style=\"text-align: left\" align=\"JUSTIFY\">O Instituto Federal de Educa\u00e7\u00e3o,\u00a0Ci\u00eancia e Tecnologia Baiano,\u00a0<em>campus<\/em>\u00a0Bom Jesus da Lapa realizou nesta \u00faltima semana (10 a 14\/08\/2011) a sua I Semana de Tecnologia da Informa\u00e7\u00e3o contando com o apoio de toda a comunidade envolvida.<\/p>\n<p style=\"text-align: left\" align=\"JUSTIFY\">\n<p style=\"text-align: left\" align=\"JUSTIFY\">A solenidade de abertura foi realizada no audit\u00f3rio do Col\u00e9gio Modelo Lu\u00eds Eduardo Magalh\u00e3es e contou com a participa\u00e7\u00e3o do diretor geral em exerc\u00edcio, Simi\u00e3o Pires, dos diretores gerais de ensino, os professores Est\u00e1cio Moreira e Davi Silva e do represente da Reitoria o professor Jos\u00e9 Henrique Santos. As falas destacaram a necessidade da continuidade de uma educa\u00e7\u00e3o pautada nos pilares ensino, pesquisa e extens\u00e3o e na promo\u00e7\u00e3o das pr\u00e1ticas de informa\u00e7\u00e3o inseridas nos diversos \u00e2mbitos das ci\u00eancias, tendo como alvo uma educa\u00e7\u00e3o de qualidade para todos, visando\u00a0\u00e0\u00a0melhoria na qualidade de vida.<\/p>\n<p style=\"text-align: left\" align=\"JUSTIFY\">A palestra inicial <em>Tecnologia e Inova\u00e7\u00e3o: Contribui\u00e7\u00f5es da Prospec\u00e7\u00e3o Tecnol\u00f3gica e Institucional<\/em>, ministrada pelo professor Me Professor Heron F. Souza, do Instituto Federal de Educa\u00e7\u00e3o da Bahia, <span style=\"color: #000000\"><em>campus<\/em><\/span> Barreiras, abriu o ciclo de palestras da semana e enfatizou a contribui\u00e7\u00e3o da tecnologia para os tempos hodiernos, ressaltando a import\u00e2ncia da gest\u00e3o do conhecimento no \u00e2mbito da sociedade contempor\u00e2nea.<\/p>\n<p style=\"text-align: left\" align=\"JUSTIFY\">\n<p style=\"text-align: left\" align=\"JUSTIFY\">Foram oferecidos 13 minicursos, ministrados simultaneamente com 7 palestras, em 5 espa\u00e7os diferentes, durante toda a semana, atendendo \u00e0 demanda dos diversos participantes que ainda tinham a possibilidade de assistirem a filmes tem\u00e1ticos, no audit\u00f3rio principal durante o per\u00edodo noturno.<\/p>\n<p style=\"text-align: left\" align=\"JUSTIFY\">\n<p style=\"text-align: left\" align=\"JUSTIFY\">Os minicursos e palestras contaram com a colabora\u00e7\u00e3o dos professores do<span style=\"color: #000000\">s<\/span> <em>campi<\/em> do IF Baiano, do IFBA Barreiras, professores da UNEB, professores e diretores locais que cederam o espa\u00e7o de suas escolas para a realiza\u00e7\u00e3o dos minicursos e t\u00e9cnicos em educa\u00e7\u00e3o que contribu\u00edram para o desenvolvimento de toda a programa\u00e7\u00e3o do evento.<\/p>\n<p style=\"text-align: left\" align=\"JUSTIFY\">\n<p style=\"text-align: left\" align=\"JUSTIFY\">A oficina <em>Inclus\u00e3o Digital e Terceira Idade<\/em>, ministrada no domingo, \u00faltimo dia do evento, Dia dos Pais, culminou <span style=\"color: #000000\">com a<\/span> entrega do pr\u00eamio Est\u00e1cio Moreira, aos colaboradores, Fabr\u00edcio Lima, representando os t\u00e9cnicos administrativos, ao professor Marcelo Moreira West, representando os palestrantes do <em>Campus<\/em>, ao professor Heron Ferreira, representando os palestrantes convidados e ao aluno Manoel Mizak Damasceno, como representante dos discentes <span style=\"color: #ff0000\">(monitores)<\/span>.<\/p>\n<p style=\"text-align: left\" align=\"JUSTIFY\">\n<p style=\"text-align: left\" align=\"JUSTIFY\">O \u00faltimo pr\u00eamio, a medalha CONDAF <span style=\"color: #000000\">(CONSELHO DE DIRETORES DAS ESCOLAS AGROT\u00c9CNICAS FEDERAIS),<\/span> foi entregue pelo diretor geral, professor Ariomar Rodrigues, ao professor Davi Silva, coordenador geral de ensino, como reconhecimento ao bom desempenho das atividades de coordena\u00e7\u00e3o do evento.<\/p>\n<p style=\"text-align: left\" align=\"JUSTIFY\">\n<p style=\"text-align: left\" align=\"JUSTIFY\">Ressaltando a import\u00e2ncia, do bom profissional, para uma gest\u00e3o eficaz das novas tecnologias de informa\u00e7\u00e3o e comunica\u00e7\u00e3o para o desenvolvimento das pr\u00e1ticas educativas, o diretor geral, convidou a comunidade geral para a segunda Semana de Tecnologia da Informa\u00e7\u00e3o <span style=\"color: #000000\">e<\/span>agradeceu a todos pela participa\u00e7\u00e3o.<\/p>\n","protected":false},"excerpt":{"rendered":"<p>O Instituto Federal de Educa\u00e7\u00e3o,\u00a0Ci\u00eancia e Tecnologia Baiano,\u00a0campus\u00a0Bom Jesus da Lapa realizou nesta \u00faltima semana (10 a 14\/08\/2011) a sua I Semana de Tecnologia da Informa\u00e7\u00e3o contando com o apoio de toda a comunidade envolvida. A solenidade de abertura foi realizada no audit\u00f3rio do Col\u00e9gio Modelo Lu\u00eds Eduardo Magalh\u00e3es e contou com a participa\u00e7\u00e3o do [&hellip;]<\/p>\n","protected":false},"author":23,"featured_media":0,"comment_status":"open","ping_status":"open","sticky":false,"template":"","format":"standard","meta":[],"categories":[1],"tags":[],"_links":{"self":[{"href":"https:\/\/www.ifbaiano.edu.br\/unidades\/lapa\/wp-json\/wp\/v2\/posts\/176"}],"collection":[{"href":"https:\/\/www.ifbaiano.edu.br\/unidades\/lapa\/wp-json\/wp\/v2\/posts"}],"about":[{"href":"https:\/\/www.ifbaiano.edu.br\/unidades\/lapa\/wp-json\/wp\/v2\/types\/post"}],"author":[{"embeddable":true,"href":"https:\/\/www.ifbaiano.edu.br\/unidades\/lapa\/wp-json\/wp\/v2\/users\/23"}],"replies":[{"embeddable":true,"href":"https:\/\/www.ifbaiano.edu.br\/unidades\/lapa\/wp-json\/wp\/v2\/comments?post=176"}],"version-history":[{"count":4,"href":"https:\/\/www.ifbaiano.edu.br\/unidades\/lapa\/wp-json\/wp\/v2\/posts\/176\/revisions"}],"predecessor-version":[{"id":184,"href":"https:\/\/www.ifbaiano.edu.br\/unidades\/lapa\/wp-json\/wp\/v2\/posts\/176\/revisions\/184"}],"wp:attachment":[{"href":"https:\/\/www.ifbaiano.edu.br\/unidades\/lapa\/wp-json\/wp\/v2\/media?parent=176"}],"wp:term":[{"taxonomy":"category","embeddable":true,"href":"https:\/\/www.ifbaiano.edu.br\/unidades\/lapa\/wp-json\/wp\/v2\/categories?post=176"},{"taxonomy":"post_tag","embeddable":true,"href":"https:\/\/www.ifbaiano.edu.br\/unidades\/lapa\/wp-json\/wp\/v2\/tags?post=176"}],"curies":[{"name":"wp","href":"https:\/\/api.w.org\/{rel}","templated":true}]}}