{"id":17710,"date":"2020-10-27T07:59:28","date_gmt":"2020-10-27T10:59:28","guid":{"rendered":"https:\/\/www.ifbaiano.edu.br\/unidades\/lapa\/?p=17710"},"modified":"2020-10-27T07:59:28","modified_gmt":"2020-10-27T10:59:28","slug":"projeto-agro-online-promove-palestra-sobre-formiga-cortadeira","status":"publish","type":"post","link":"https:\/\/www.ifbaiano.edu.br\/unidades\/lapa\/2020\/10\/27\/projeto-agro-online-promove-palestra-sobre-formiga-cortadeira\/","title":{"rendered":"Projeto Agro Online promove palestra sobre Formiga Cortadeira"},"content":{"rendered":"\n<p>A Coordena\u00e7\u00e3o do Curso de Engenharia Agron\u00f4mica convida a todos para a terceira palestra do projeto Agro Online.<\/p>\n\n\n\n<p>Palestra: Formiga cortadeira: importante praga nas \u00e1reas agr\u00edcola, pecu\u00e1ria e florestal<br>Palestrante: Mois\u00e9s Pedreira de Souza<br>Data: 06\/11\/2020<br>Hor\u00e1rio: 09:00h<br>Local: Canal do Youtube do Campus Bom Jesus da Lapa<\/p>\n\n\n\n<figure class=\"wp-block-image size-large\"><img decoding=\"async\" loading=\"lazy\" width=\"1080\" height=\"1080\" src=\"https:\/\/www.ifbaiano.edu.br\/unidades\/lapa\/files\/2020\/10\/agro_online_3.jpg\" alt=\"\" class=\"wp-image-17711\" \/><\/figure>\n","protected":false},"excerpt":{"rendered":"<p>A Coordena\u00e7\u00e3o do Curso de Engenharia Agron\u00f4mica convida a todos para a terceira palestra do projeto Agro Online. Palestra: Formiga cortadeira: importante praga nas \u00e1reas agr\u00edcola, pecu\u00e1ria e florestalPalestrante: Mois\u00e9s Pedreira de SouzaData: 06\/11\/2020Hor\u00e1rio: 09:00hLocal: Canal do Youtube do Campus Bom Jesus da Lapa<\/p>\n","protected":false},"author":100,"featured_media":17711,"comment_status":"open","ping_status":"open","sticky":false,"template":"","format":"standard","meta":[],"categories":[64,24,70,65],"tags":[],"_links":{"self":[{"href":"https:\/\/www.ifbaiano.edu.br\/unidades\/lapa\/wp-json\/wp\/v2\/posts\/17710"}],"collection":[{"href":"https:\/\/www.ifbaiano.edu.br\/unidades\/lapa\/wp-json\/wp\/v2\/posts"}],"about":[{"href":"https:\/\/www.ifbaiano.edu.br\/unidades\/lapa\/wp-json\/wp\/v2\/types\/post"}],"author":[{"embeddable":true,"href":"https:\/\/www.ifbaiano.edu.br\/unidades\/lapa\/wp-json\/wp\/v2\/users\/100"}],"replies":[{"embeddable":true,"href":"https:\/\/www.ifbaiano.edu.br\/unidades\/lapa\/wp-json\/wp\/v2\/comments?post=17710"}],"version-history":[{"count":1,"href":"https:\/\/www.ifbaiano.edu.br\/unidades\/lapa\/wp-json\/wp\/v2\/posts\/17710\/revisions"}],"predecessor-version":[{"id":17712,"href":"https:\/\/www.ifbaiano.edu.br\/unidades\/lapa\/wp-json\/wp\/v2\/posts\/17710\/revisions\/17712"}],"wp:featuredmedia":[{"embeddable":true,"href":"https:\/\/www.ifbaiano.edu.br\/unidades\/lapa\/wp-json\/wp\/v2\/media\/17711"}],"wp:attachment":[{"href":"https:\/\/www.ifbaiano.edu.br\/unidades\/lapa\/wp-json\/wp\/v2\/media?parent=17710"}],"wp:term":[{"taxonomy":"category","embeddable":true,"href":"https:\/\/www.ifbaiano.edu.br\/unidades\/lapa\/wp-json\/wp\/v2\/categories?post=17710"},{"taxonomy":"post_tag","embeddable":true,"href":"https:\/\/www.ifbaiano.edu.br\/unidades\/lapa\/wp-json\/wp\/v2\/tags?post=17710"}],"curies":[{"name":"wp","href":"https:\/\/api.w.org\/{rel}","templated":true}]}}