{"id":17838,"date":"2020-10-27T18:12:33","date_gmt":"2020-10-27T21:12:33","guid":{"rendered":"https:\/\/www.ifbaiano.edu.br\/unidades\/lapa\/?p=17838"},"modified":"2020-10-27T18:31:38","modified_gmt":"2020-10-27T21:31:38","slug":"resultado-preliminar-da-selecao-do-auxilio-financeiro-emergencial","status":"publish","type":"post","link":"https:\/\/www.ifbaiano.edu.br\/unidades\/lapa\/2020\/10\/27\/resultado-preliminar-da-selecao-do-auxilio-financeiro-emergencial\/","title":{"rendered":"Resultado Preliminar da sele\u00e7\u00e3o do Aux\u00edlio Financeiro Emergencial"},"content":{"rendered":"\n<p align=\"justify\">A Comiss\u00e3o Local de Assist\u00eancia Estudantil do Campus Bom Jesus da Lapa, torna p\u00fablico o Resultado Preliminar da sele\u00e7\u00e3o&nbsp;do Aux\u00edlio Financeiro Emergencial aos estudantes em situa\u00e7\u00e3o de vulnerabilidade socioecon\u00f4nica, em raz\u00e3o da pandemia causada pelo Covid-19, conforme autorizado pela Resolu\u00e7\u00e3o 65\/2020, alterada pela Resolu\u00e7\u00e3o 85\/2020, do Conselho Superior do IF Baiano.<\/p>\n\n\n\n<div class=\"wp-block-file\"><a href=\"https:\/\/www.ifbaiano.edu.br\/unidades\/lapa\/files\/2020\/10\/Resultado_Preliminar-Auxolio_Financeiro_Emergencial_Res_85-2020-CONSUP.pdf\">Resultado Preliminar<\/a><\/div>\n\n\n\n<p>Acompanhem o cronograma a seguir:<br><strong>Interposi\u00e7\u00e3o de recursos ao Resultado Preliminar:<\/strong>&nbsp;29 a 30 de outubro de 2020 (Os recursos dever\u00e3o ser encaminhados para o e-mail:&nbsp;clae@lapa.ifbaiano.edu.br)<br><strong>Divulga\u00e7\u00e3o do Resultado Final:<\/strong>&nbsp;03 de novembro de 2020<br><strong>Previs\u00e3o de repasse financeiro aos estudantes:<\/strong>&nbsp;novembro de 2020<\/p>\n","protected":false},"excerpt":{"rendered":"<p>A Comiss\u00e3o Local de Assist\u00eancia Estudantil do Campus Bom Jesus da Lapa, torna p\u00fablico o Resultado Preliminar da sele\u00e7\u00e3o&nbsp;do Aux\u00edlio Financeiro Emergencial aos estudantes em situa\u00e7\u00e3o de vulnerabilidade socioecon\u00f4nica, em raz\u00e3o da pandemia causada pelo Covid-19, conforme autorizado pela Resolu\u00e7\u00e3o 65\/2020, alterada pela Resolu\u00e7\u00e3o 85\/2020, do Conselho Superior do IF Baiano. Acompanhem o cronograma a [&hellip;]<\/p>\n","protected":false},"author":100,"featured_media":0,"comment_status":"open","ping_status":"open","sticky":false,"template":"","format":"standard","meta":[],"categories":[32,64,30,24,65],"tags":[],"_links":{"self":[{"href":"https:\/\/www.ifbaiano.edu.br\/unidades\/lapa\/wp-json\/wp\/v2\/posts\/17838"}],"collection":[{"href":"https:\/\/www.ifbaiano.edu.br\/unidades\/lapa\/wp-json\/wp\/v2\/posts"}],"about":[{"href":"https:\/\/www.ifbaiano.edu.br\/unidades\/lapa\/wp-json\/wp\/v2\/types\/post"}],"author":[{"embeddable":true,"href":"https:\/\/www.ifbaiano.edu.br\/unidades\/lapa\/wp-json\/wp\/v2\/users\/100"}],"replies":[{"embeddable":true,"href":"https:\/\/www.ifbaiano.edu.br\/unidades\/lapa\/wp-json\/wp\/v2\/comments?post=17838"}],"version-history":[{"count":8,"href":"https:\/\/www.ifbaiano.edu.br\/unidades\/lapa\/wp-json\/wp\/v2\/posts\/17838\/revisions"}],"predecessor-version":[{"id":17847,"href":"https:\/\/www.ifbaiano.edu.br\/unidades\/lapa\/wp-json\/wp\/v2\/posts\/17838\/revisions\/17847"}],"wp:attachment":[{"href":"https:\/\/www.ifbaiano.edu.br\/unidades\/lapa\/wp-json\/wp\/v2\/media?parent=17838"}],"wp:term":[{"taxonomy":"category","embeddable":true,"href":"https:\/\/www.ifbaiano.edu.br\/unidades\/lapa\/wp-json\/wp\/v2\/categories?post=17838"},{"taxonomy":"post_tag","embeddable":true,"href":"https:\/\/www.ifbaiano.edu.br\/unidades\/lapa\/wp-json\/wp\/v2\/tags?post=17838"}],"curies":[{"name":"wp","href":"https:\/\/api.w.org\/{rel}","templated":true}]}}