{"id":17848,"date":"2020-10-28T07:55:03","date_gmt":"2020-10-28T10:55:03","guid":{"rendered":"https:\/\/www.ifbaiano.edu.br\/unidades\/lapa\/?p=17848"},"modified":"2020-10-28T07:55:03","modified_gmt":"2020-10-28T10:55:03","slug":"dedin-de-prosa-fala-sobre-os-dez-anos-do-campus-bom-jesus-da-lapa","status":"publish","type":"post","link":"https:\/\/www.ifbaiano.edu.br\/unidades\/lapa\/2020\/10\/28\/dedin-de-prosa-fala-sobre-os-dez-anos-do-campus-bom-jesus-da-lapa\/","title":{"rendered":"&#8220;Dedin de Prosa&#8221; fala sobre os Dez anos do Campus Bom Jesus da Lapa"},"content":{"rendered":"\n<p align=\"justify\">Nesse epis\u00f3dio, as servidoras Luciana Teixeira e Adevanucia Nere convidam a comunidade a celebrar os 10 anos de implanta\u00e7\u00e3o do IF Baiano em Bom Jesus da Lapa. Mencionam as contribui\u00e7\u00f5es e avan\u00e7os que a institui\u00e7\u00e3o proporcionou \u00e0 comunidade durante esse per\u00edodo, atrav\u00e9s das a\u00e7\u00f5es de ensino, pesquisa e extens\u00e3o.<\/p>\n<p>Clique na imagem para ouvir<\/p>\n\n\n\n<figure class=\"wp-block-image size-large\"><a href=\"https:\/\/anchor.fm\/dedin-de-prosa\/episodes\/Episdio-8---Dez-anos-do-Campus-Bom-Jesus-da-Lapa-elge7e\/a-a2r158p\" target=\"_blank\" rel=\"noopener noreferrer\"><img decoding=\"async\" loading=\"lazy\" width=\"1080\" height=\"1080\" src=\"https:\/\/www.ifbaiano.edu.br\/unidades\/lapa\/files\/2020\/06\/dedin-de-prosa-lapa-itapetinga.png\" alt=\"\" class=\"wp-image-16271\" \/><\/a><figcaption>Dedin de Prosa<\/figcaption><\/figure>\n","protected":false},"excerpt":{"rendered":"<p>Nesse epis\u00f3dio, as servidoras Luciana Teixeira e Adevanucia Nere convidam a comunidade a celebrar os 10 anos de implanta\u00e7\u00e3o do IF Baiano em Bom Jesus da Lapa. Mencionam as contribui\u00e7\u00f5es e avan\u00e7os que a institui\u00e7\u00e3o proporcionou \u00e0 comunidade durante esse per\u00edodo, atrav\u00e9s das a\u00e7\u00f5es de ensino, pesquisa e extens\u00e3o. Clique na imagem para ouvir Dedin [&hellip;]<\/p>\n","protected":false},"author":100,"featured_media":16271,"comment_status":"open","ping_status":"open","sticky":false,"template":"","format":"standard","meta":[],"categories":[64,24,40,65],"tags":[],"_links":{"self":[{"href":"https:\/\/www.ifbaiano.edu.br\/unidades\/lapa\/wp-json\/wp\/v2\/posts\/17848"}],"collection":[{"href":"https:\/\/www.ifbaiano.edu.br\/unidades\/lapa\/wp-json\/wp\/v2\/posts"}],"about":[{"href":"https:\/\/www.ifbaiano.edu.br\/unidades\/lapa\/wp-json\/wp\/v2\/types\/post"}],"author":[{"embeddable":true,"href":"https:\/\/www.ifbaiano.edu.br\/unidades\/lapa\/wp-json\/wp\/v2\/users\/100"}],"replies":[{"embeddable":true,"href":"https:\/\/www.ifbaiano.edu.br\/unidades\/lapa\/wp-json\/wp\/v2\/comments?post=17848"}],"version-history":[{"count":4,"href":"https:\/\/www.ifbaiano.edu.br\/unidades\/lapa\/wp-json\/wp\/v2\/posts\/17848\/revisions"}],"predecessor-version":[{"id":17852,"href":"https:\/\/www.ifbaiano.edu.br\/unidades\/lapa\/wp-json\/wp\/v2\/posts\/17848\/revisions\/17852"}],"wp:featuredmedia":[{"embeddable":true,"href":"https:\/\/www.ifbaiano.edu.br\/unidades\/lapa\/wp-json\/wp\/v2\/media\/16271"}],"wp:attachment":[{"href":"https:\/\/www.ifbaiano.edu.br\/unidades\/lapa\/wp-json\/wp\/v2\/media?parent=17848"}],"wp:term":[{"taxonomy":"category","embeddable":true,"href":"https:\/\/www.ifbaiano.edu.br\/unidades\/lapa\/wp-json\/wp\/v2\/categories?post=17848"},{"taxonomy":"post_tag","embeddable":true,"href":"https:\/\/www.ifbaiano.edu.br\/unidades\/lapa\/wp-json\/wp\/v2\/tags?post=17848"}],"curies":[{"name":"wp","href":"https:\/\/api.w.org\/{rel}","templated":true}]}}