{"id":17853,"date":"2020-10-28T10:30:32","date_gmt":"2020-10-28T13:30:32","guid":{"rendered":"https:\/\/www.ifbaiano.edu.br\/unidades\/lapa\/?p=17853"},"modified":"2020-10-28T10:37:23","modified_gmt":"2020-10-28T13:37:23","slug":"comunicado-sobre-atividades-pedagogicas-nao-presenciais","status":"publish","type":"post","link":"https:\/\/www.ifbaiano.edu.br\/unidades\/lapa\/2020\/10\/28\/comunicado-sobre-atividades-pedagogicas-nao-presenciais\/","title":{"rendered":"Comunicado sobre Atividades Pedag\u00f3gicas N\u00e3o Presenciais"},"content":{"rendered":"\n<p align=\"justify\">A Dire\u00e7\u00e3o-Geral do IF Baiano Campus Bom Jesus da Lapa comunica a todos os pais\/respons\u00e1veis e estudantes, que iniciaremos as atividades pedag\u00f3gicas n\u00e3o presenciais (APNPs) a partir do dia 09\/11\/2020. Na oportunidade, apresentamos alguns informes como o per\u00edodo de socializa\u00e7\u00e3o e avalia\u00e7\u00e3o diagn\u00f3stica de acesso dos estudantes, reuni\u00f5es com pais\/respons\u00e1veis, acolhimento discente, in\u00edcio das aulas n\u00e3o presenciais e outras a\u00e7\u00f5es voltadas para execu\u00e7\u00e3o das APNPs. Solicitamos a todos(as) o acompanhamento de novas delibera\u00e7\u00f5es atrav\u00e9s dos meios oficiais de comunica\u00e7\u00e3o do campus, tais como: site, Facebook, Instagram, YouTube.<\/p>\n<table border=\"1\" rules=\"rows\" bgcolor=\"#EEEEEE\" align=\"center\">\n<thead>\n<tr style=\"text-transform:uppercase\" bgcolor=\"#D0FFD0\">\n<th>Datas<\/th><th>Programa\u00e7\u00e3o<\/th>\n<\/tr>\n<\/thead>\n<tbody align=\"center\">\n<tr>\n<td>09\/11\/2020 a 13\/11\/2020<\/td><td>Socializa\u00e7\u00e3o e avalia\u00e7\u00e3o diagn\u00f3stica de acesso dos estudantes<\/td>\n<\/tr>\n<tr>\n<td>12\/11\/2020<\/td><td>Reuni\u00e3o com pais\/respons\u00e1veis e alunos<\/td>\n<\/tr>\n<tr>\n<td>16\/11\/2020 a 20\/11\/2020<\/td><td>Acolhimento e ambienta\u00e7\u00e3o dos discentes ao ambiente virtual de aprendizagem &#8211; Moodle<\/td>\n<\/tr>\n<tr>\n<td>23\/11\/2020<\/td><td>In\u00edcio das aulas n\u00e3o presenciais<\/td>\n<\/tr>\n<\/tbody>\n<\/table>\n<p>*As datas previstas podem sofrer altera\u00e7\u00f5es conforme delibera\u00e7\u00f5es oficiais.\n","protected":false},"excerpt":{"rendered":"<p>A Dire\u00e7\u00e3o-Geral do IF Baiano Campus Bom Jesus da Lapa comunica a todos os pais\/respons\u00e1veis e estudantes, que iniciaremos as atividades pedag\u00f3gicas n\u00e3o presenciais (APNPs) a partir do dia 09\/11\/2020. Na oportunidade, apresentamos alguns informes como o per\u00edodo de socializa\u00e7\u00e3o e avalia\u00e7\u00e3o diagn\u00f3stica de acesso dos estudantes, reuni\u00f5es com pais\/respons\u00e1veis, acolhimento discente, in\u00edcio das aulas [&hellip;]<\/p>\n","protected":false},"author":100,"featured_media":0,"comment_status":"open","ping_status":"open","sticky":false,"template":"","format":"standard","meta":[],"categories":[25,64,39,30,24,65],"tags":[],"_links":{"self":[{"href":"https:\/\/www.ifbaiano.edu.br\/unidades\/lapa\/wp-json\/wp\/v2\/posts\/17853"}],"collection":[{"href":"https:\/\/www.ifbaiano.edu.br\/unidades\/lapa\/wp-json\/wp\/v2\/posts"}],"about":[{"href":"https:\/\/www.ifbaiano.edu.br\/unidades\/lapa\/wp-json\/wp\/v2\/types\/post"}],"author":[{"embeddable":true,"href":"https:\/\/www.ifbaiano.edu.br\/unidades\/lapa\/wp-json\/wp\/v2\/users\/100"}],"replies":[{"embeddable":true,"href":"https:\/\/www.ifbaiano.edu.br\/unidades\/lapa\/wp-json\/wp\/v2\/comments?post=17853"}],"version-history":[{"count":5,"href":"https:\/\/www.ifbaiano.edu.br\/unidades\/lapa\/wp-json\/wp\/v2\/posts\/17853\/revisions"}],"predecessor-version":[{"id":17858,"href":"https:\/\/www.ifbaiano.edu.br\/unidades\/lapa\/wp-json\/wp\/v2\/posts\/17853\/revisions\/17858"}],"wp:attachment":[{"href":"https:\/\/www.ifbaiano.edu.br\/unidades\/lapa\/wp-json\/wp\/v2\/media?parent=17853"}],"wp:term":[{"taxonomy":"category","embeddable":true,"href":"https:\/\/www.ifbaiano.edu.br\/unidades\/lapa\/wp-json\/wp\/v2\/categories?post=17853"},{"taxonomy":"post_tag","embeddable":true,"href":"https:\/\/www.ifbaiano.edu.br\/unidades\/lapa\/wp-json\/wp\/v2\/tags?post=17853"}],"curies":[{"name":"wp","href":"https:\/\/api.w.org\/{rel}","templated":true}]}}