{"id":17860,"date":"2020-10-28T11:00:54","date_gmt":"2020-10-28T14:00:54","guid":{"rendered":"https:\/\/www.ifbaiano.edu.br\/unidades\/lapa\/?p=17860"},"modified":"2020-10-28T11:09:16","modified_gmt":"2020-10-28T14:09:16","slug":"congresso-online-dialogos-antirracistas-e-insurgencias-ruralidades-em-perspectiva","status":"publish","type":"post","link":"https:\/\/www.ifbaiano.edu.br\/unidades\/lapa\/2020\/10\/28\/congresso-online-dialogos-antirracistas-e-insurgencias-ruralidades-em-perspectiva\/","title":{"rendered":"Congresso Online &#8220;Di\u00e1logos antirracistas e insurg\u00eancias: ruralidades em perspectiva&#8221;"},"content":{"rendered":"\n<p align=\"justify\">O evento &#8220;Di\u00e1logos&#8221; \u00e9 uma realiza\u00e7\u00e3o do Grupo de Pesquisa Laborat\u00f3rio de Pol\u00edticas P\u00fablicas, Ruralidades e Desenvolvimento Territorial &#8211; LaPPRuDes, com apoio do Instituto Federal de Educa\u00e7\u00e3o, Ci\u00eancia e Tecnologia Baiano &#8211; IFBaiano (campi Bom Jesus da Lapa e Serrinha), do Instituto An\u00edsio Teixeira &#8211; IAT e em parceria com os grupos de pesquisa Xer\u00f3filas, JuRus e EcoCampo. Esse \u00e9 um evento totalmente gratuito, online e s\u00edncrono (em tempo real).<\/p>\n<p><a href=\"https:\/\/bit.ly\/31cLpYv\" target=\"_blank\" rel=\"noopener noreferrer\">Inscri\u00e7\u00e3o (abre p\u00e1gina externa em nova aba)<\/a><\/p>\n\n\n\n<p align=\"justify\">Quebrar paradigmas sobre as quest\u00f5es que, ainda hoje, afligem a sociedade, \u00e9 necess\u00e1rio. Por essa raz\u00e3o, \u00e9 preciso criar, coordenar, divulgar e participar de eventos que possam chamar a popula\u00e7\u00e3o a uma reflex\u00e3o pautada nas dimens\u00f5es inclusiva e urgentes. Assim, estes &#8220;Di\u00e1logos&#8221; t\u00eam como finalidade convidar a popula\u00e7\u00e3o a somar, em busca de novas perspectivas contra o racismo, al\u00e9m de pensar as ruralidades e suas especificidades. O mundo tem lutado arduamente contra o racismo: ele tem tomado propor\u00e7\u00f5es de visibilidade tal que n\u00e3o h\u00e1 mais como o Estado negar a sua exist\u00eancia e sequelas hist\u00f3ricas.<\/p>\n\n\n\n<p align=\"justify\">A campanha &#8220;Vidas Negras Importam&#8221; revela o quanto o direito \u00e0 vida \u00e9 importante, mas tamb\u00e9m o quanto as condi\u00e7\u00f5es humanas, postas para o povo preto, s\u00e3o desumanas. Pontuar as quest\u00f5es-base que trazem elementos estruturantes da falta de compromisso que os governos sempre tiveram com o povo marginalizado e oprimido, tamb\u00e9m \u00e9 construir ferramentas para uma vida mais digna no campo do rural e sua intera\u00e7\u00e3o com o todo.<\/p>\n\n\n\n<p align=\"justify\">O p\u00f3s-Aboli\u00e7\u00e3o, tido como 14 de maio, est\u00e1 em debate. Isso porque ela, de fato, jamais aconteceu. Mesmo sabendo que v\u00e1rios mocambos j\u00e1 estavam formados ap\u00f3s esse processo, muitos dos pretos, que sempre mantiveram uma rela\u00e7\u00e3o ancestral com a terra e a cosmovis\u00e3o, ficaram vagando sem teto e sem condi\u00e7\u00f5es de pensar o existir a partir daquele momento. Chama a aten\u00e7\u00e3o, ainda, o processo de retirada do povo preto da \u00c1frica e como a segrega\u00e7\u00e3o ancestral dos v\u00ednculos historicamente constru\u00eddos por um povo que nunca foi escravo, mas sim escravizado.<\/p>\n\n\n\n<p align=\"justify\">Diante de tudo o que j\u00e1 foi mencionado, fica como miss\u00e3o para esse Novembro Negro de 2020 pensarmos as rela\u00e7\u00f5es que foram estabelecidas ao longo dessas caminhadas. Os di\u00e1logos que conseguem elencar as partes-chave devem interagir com o passado, presente e nos fazer questionar sobre as a\u00e7\u00f5es necess\u00e1rias para a constru\u00e7\u00e3o do futuro que queremos. O momento requer reinven\u00e7\u00e3o e muita disposi\u00e7\u00e3o para, juntos, construirmos um novo mundo, mais espiritualizado, consciente das territorialidades e constru\u00e7\u00f5es c\u00f3smicas, das falas potentes de todos os povos e suas causas ancestrais, da sustentabilidade calcada nos fazeres comunit\u00e1rios, bem como da M\u00e3e Natureza de p\u00e9.<\/p>\n<p><a href=\"http:\/\/www.ecocampo.com.br\/evento.html\" target=\"blank\" rel=\"noopener noreferrer\">Site do evento (abre p\u00e1gina externa em nova aba) <\/a><\/p>\n\n\n\n<div class=\"wp-block-group\"><div class=\"wp-block-group__inner-container is-layout-flow\">\n<figure class=\"wp-block-gallery aligncenter columns-2 is-cropped\"><ul class=\"blocks-gallery-grid\"><li class=\"blocks-gallery-item\"><figure><img decoding=\"async\" loading=\"lazy\" width=\"792\" height=\"545\" src=\"https:\/\/www.ifbaiano.edu.br\/unidades\/lapa\/files\/2020\/10\/Dialogo_antiracista_e_insurgencia_1.jpeg\" alt=\"\" data-id=\"17867\" data-full-url=\"https:\/\/www.ifbaiano.edu.br\/unidades\/lapa\/files\/2020\/10\/Dialogo_antiracista_e_insurgencia_1.jpeg\" data-link=\"https:\/\/www.ifbaiano.edu.br\/unidades\/lapa\/dialogo_antiracista_e_insurgencia_1\/\" class=\"wp-image-17867\" \/><figcaption class=\"blocks-gallery-item__caption\">Direitos, Luta Social e Emancipa\u00e7\u00e3o: os sujeitos coletivos em marcha<\/figcaption><\/figure><\/li><li class=\"blocks-gallery-item\"><figure><img decoding=\"async\" loading=\"lazy\" width=\"795\" height=\"547\" src=\"https:\/\/www.ifbaiano.edu.br\/unidades\/lapa\/files\/2020\/10\/Dialogo_antiracista_e_insurgencia_2.jpeg\" alt=\"\" data-id=\"17866\" data-full-url=\"https:\/\/www.ifbaiano.edu.br\/unidades\/lapa\/files\/2020\/10\/Dialogo_antiracista_e_insurgencia_2.jpeg\" data-link=\"https:\/\/www.ifbaiano.edu.br\/unidades\/lapa\/dialogo_antiracista_e_insurgencia_2\/\" class=\"wp-image-17866\" \/><figcaption class=\"blocks-gallery-item__caption\">Territ\u00f3rios de Resist\u00eancia, Sustentabilidade e Racismo Ambiental<\/figcaption><\/figure><\/li><li class=\"blocks-gallery-item\"><figure><img decoding=\"async\" loading=\"lazy\" width=\"796\" height=\"547\" src=\"https:\/\/www.ifbaiano.edu.br\/unidades\/lapa\/files\/2020\/10\/Dialogo_antiracista_e_insurgencia_3.jpeg\" alt=\"\" data-id=\"17865\" data-full-url=\"https:\/\/www.ifbaiano.edu.br\/unidades\/lapa\/files\/2020\/10\/Dialogo_antiracista_e_insurgencia_3.jpeg\" data-link=\"https:\/\/www.ifbaiano.edu.br\/unidades\/lapa\/dialogo_antiracista_e_insurgencia_3\/\" class=\"wp-image-17865\" \/><figcaption class=\"blocks-gallery-item__caption\">A consci\u00eancia de si e as identidades: hist\u00f3rias de vida e (re)exist\u00eancia<\/figcaption><\/figure><\/li><li class=\"blocks-gallery-item\"><figure><img decoding=\"async\" loading=\"lazy\" width=\"796\" height=\"549\" src=\"https:\/\/www.ifbaiano.edu.br\/unidades\/lapa\/files\/2020\/10\/Dialogo_antiracista_e_insurgencia_4.jpeg\" alt=\"\" data-id=\"17864\" data-full-url=\"https:\/\/www.ifbaiano.edu.br\/unidades\/lapa\/files\/2020\/10\/Dialogo_antiracista_e_insurgencia_4.jpeg\" data-link=\"https:\/\/www.ifbaiano.edu.br\/unidades\/lapa\/dialogo_antiracista_e_insurgencia_4\/\" class=\"wp-image-17864\" \/><figcaption class=\"blocks-gallery-item__caption\">Terra: Pertencer, Produzir e Viver<\/figcaption><\/figure><\/li><\/ul><\/figure>\n<\/div><\/div>\n\n\n\n<p><\/p>\n","protected":false},"excerpt":{"rendered":"<p>O evento &#8220;Di\u00e1logos&#8221; \u00e9 uma realiza\u00e7\u00e3o do Grupo de Pesquisa Laborat\u00f3rio de Pol\u00edticas P\u00fablicas, Ruralidades e Desenvolvimento Territorial &#8211; LaPPRuDes, com apoio do Instituto Federal de Educa\u00e7\u00e3o, Ci\u00eancia e Tecnologia Baiano &#8211; IFBaiano (campi Bom Jesus da Lapa e Serrinha), do Instituto An\u00edsio Teixeira &#8211; IAT e em parceria com os grupos de pesquisa Xer\u00f3filas, [&hellip;]<\/p>\n","protected":false},"author":100,"featured_media":17865,"comment_status":"open","ping_status":"open","sticky":false,"template":"","format":"standard","meta":[],"categories":[64,24,40,65],"tags":[],"_links":{"self":[{"href":"https:\/\/www.ifbaiano.edu.br\/unidades\/lapa\/wp-json\/wp\/v2\/posts\/17860"}],"collection":[{"href":"https:\/\/www.ifbaiano.edu.br\/unidades\/lapa\/wp-json\/wp\/v2\/posts"}],"about":[{"href":"https:\/\/www.ifbaiano.edu.br\/unidades\/lapa\/wp-json\/wp\/v2\/types\/post"}],"author":[{"embeddable":true,"href":"https:\/\/www.ifbaiano.edu.br\/unidades\/lapa\/wp-json\/wp\/v2\/users\/100"}],"replies":[{"embeddable":true,"href":"https:\/\/www.ifbaiano.edu.br\/unidades\/lapa\/wp-json\/wp\/v2\/comments?post=17860"}],"version-history":[{"count":8,"href":"https:\/\/www.ifbaiano.edu.br\/unidades\/lapa\/wp-json\/wp\/v2\/posts\/17860\/revisions"}],"predecessor-version":[{"id":17874,"href":"https:\/\/www.ifbaiano.edu.br\/unidades\/lapa\/wp-json\/wp\/v2\/posts\/17860\/revisions\/17874"}],"wp:featuredmedia":[{"embeddable":true,"href":"https:\/\/www.ifbaiano.edu.br\/unidades\/lapa\/wp-json\/wp\/v2\/media\/17865"}],"wp:attachment":[{"href":"https:\/\/www.ifbaiano.edu.br\/unidades\/lapa\/wp-json\/wp\/v2\/media?parent=17860"}],"wp:term":[{"taxonomy":"category","embeddable":true,"href":"https:\/\/www.ifbaiano.edu.br\/unidades\/lapa\/wp-json\/wp\/v2\/categories?post=17860"},{"taxonomy":"post_tag","embeddable":true,"href":"https:\/\/www.ifbaiano.edu.br\/unidades\/lapa\/wp-json\/wp\/v2\/tags?post=17860"}],"curies":[{"name":"wp","href":"https:\/\/api.w.org\/{rel}","templated":true}]}}