{"id":17877,"date":"2020-10-31T15:59:04","date_gmt":"2020-10-31T18:59:04","guid":{"rendered":"https:\/\/www.ifbaiano.edu.br\/unidades\/lapa\/?p=17877"},"modified":"2020-10-31T15:59:04","modified_gmt":"2020-10-31T18:59:04","slug":"dedin-de-prosa-relacao-homem-natureza","status":"publish","type":"post","link":"https:\/\/www.ifbaiano.edu.br\/unidades\/lapa\/2020\/10\/31\/dedin-de-prosa-relacao-homem-natureza\/","title":{"rendered":"Dedin de Prosa &#8211; Rela\u00e7\u00e3o homem natureza"},"content":{"rendered":"\n<p align=\"justify\">No nono epis\u00f3dio da segunda temporada do Podcast Dedin de Prosa, Katiana, administradora do IF Baiano &#8211; <em>Campus<\/em> Itapetinga, aborda de maneira reflexiva a rela\u00e7\u00e3o do homem com a natureza. Nesse contexto, nos convida a refletir sobre ciclos, conex\u00f5es, esta\u00e7\u00f5es e sabores, bem como a analisar a oportunidade de se viver, em plenitude, a liberdade do ser.<\/p>\n\n\n\n<p>Clique na imagem abaixo para ouvir.<\/p>\n\n\n\n<figure class=\"wp-block-image size-large\"><a href=\"https:\/\/anchor.fm\/dedin-de-prosa\/episodes\/Episdio-9---Temporada-2---Relao-homem-natureza-elqkn9\/a-a2r158p\" target=\"_blank\" rel=\"noopener noreferrer\"><img decoding=\"async\" loading=\"lazy\" width=\"1080\" height=\"1080\" src=\"https:\/\/www.ifbaiano.edu.br\/unidades\/lapa\/files\/2020\/06\/dedin-de-prosa-lapa-itapetinga.png\" alt=\"Dedin de Prosa - Rela\u00e7\u00e3o homem natureza\" class=\"wp-image-16271\" \/><\/a><figcaption>Dedin de Prosa<\/figcaption><\/figure>\n","protected":false},"excerpt":{"rendered":"<p>No nono epis\u00f3dio da segunda temporada do Podcast Dedin de Prosa, Katiana, administradora do IF Baiano &#8211; Campus Itapetinga, aborda de maneira reflexiva a rela\u00e7\u00e3o do homem com a natureza. Nesse contexto, nos convida a refletir sobre ciclos, conex\u00f5es, esta\u00e7\u00f5es e sabores, bem como a analisar a oportunidade de se viver, em plenitude, a liberdade [&hellip;]<\/p>\n","protected":false},"author":100,"featured_media":16271,"comment_status":"open","ping_status":"open","sticky":false,"template":"","format":"standard","meta":[],"categories":[64,24,40,65],"tags":[],"_links":{"self":[{"href":"https:\/\/www.ifbaiano.edu.br\/unidades\/lapa\/wp-json\/wp\/v2\/posts\/17877"}],"collection":[{"href":"https:\/\/www.ifbaiano.edu.br\/unidades\/lapa\/wp-json\/wp\/v2\/posts"}],"about":[{"href":"https:\/\/www.ifbaiano.edu.br\/unidades\/lapa\/wp-json\/wp\/v2\/types\/post"}],"author":[{"embeddable":true,"href":"https:\/\/www.ifbaiano.edu.br\/unidades\/lapa\/wp-json\/wp\/v2\/users\/100"}],"replies":[{"embeddable":true,"href":"https:\/\/www.ifbaiano.edu.br\/unidades\/lapa\/wp-json\/wp\/v2\/comments?post=17877"}],"version-history":[{"count":1,"href":"https:\/\/www.ifbaiano.edu.br\/unidades\/lapa\/wp-json\/wp\/v2\/posts\/17877\/revisions"}],"predecessor-version":[{"id":17878,"href":"https:\/\/www.ifbaiano.edu.br\/unidades\/lapa\/wp-json\/wp\/v2\/posts\/17877\/revisions\/17878"}],"wp:featuredmedia":[{"embeddable":true,"href":"https:\/\/www.ifbaiano.edu.br\/unidades\/lapa\/wp-json\/wp\/v2\/media\/16271"}],"wp:attachment":[{"href":"https:\/\/www.ifbaiano.edu.br\/unidades\/lapa\/wp-json\/wp\/v2\/media?parent=17877"}],"wp:term":[{"taxonomy":"category","embeddable":true,"href":"https:\/\/www.ifbaiano.edu.br\/unidades\/lapa\/wp-json\/wp\/v2\/categories?post=17877"},{"taxonomy":"post_tag","embeddable":true,"href":"https:\/\/www.ifbaiano.edu.br\/unidades\/lapa\/wp-json\/wp\/v2\/tags?post=17877"}],"curies":[{"name":"wp","href":"https:\/\/api.w.org\/{rel}","templated":true}]}}