{"id":17883,"date":"2020-11-03T18:07:47","date_gmt":"2020-11-03T21:07:47","guid":{"rendered":"https:\/\/www.ifbaiano.edu.br\/unidades\/lapa\/?p=17883"},"modified":"2020-11-03T18:07:47","modified_gmt":"2020-11-03T21:07:47","slug":"resultado-final-da-selecao-do-auxilio-financeiro-emergencial","status":"publish","type":"post","link":"https:\/\/www.ifbaiano.edu.br\/unidades\/lapa\/2020\/11\/03\/resultado-final-da-selecao-do-auxilio-financeiro-emergencial\/","title":{"rendered":"Resultado Final da sele\u00e7\u00e3o do Aux\u00edlio Financeiro Emergencial"},"content":{"rendered":"\n<p align=\"justify\">A\u00a0Dire\u00e7\u00e3o-Geral\u00a0do Campus Bom Jesus da Lapa torna p\u00fablica a homologa\u00e7\u00e3o do Resultado Final da sele\u00e7\u00e3o realizada pela Comiss\u00e3o Local de Assist\u00eancia Estudantil, referente \u00e0 concess\u00e3o de Aux\u00edlio Financeiro Emergencial dos estudantes em situa\u00e7\u00e3o de vulnerabilidade socioecon\u00f4nica, em raz\u00e3o da pandemia causada pelo Covid-19, conforme autorizado pela Resolu\u00e7\u00e3o 65\/2020, alterada pela Resolu\u00e7\u00e3o 85\/2020, do Conselho Superior do IF Baiano.<p>\n\n\n\n\n<div class=\"wp-block-file\"><a href=\"https:\/\/www.ifbaiano.edu.br\/unidades\/lapa\/files\/2020\/11\/Resultado-Final-Auxilio-Financeiro-Emergencial.pdf\" target=\"_blank\" rel=\"noreferrer noopener\">Resultado Final (Documento em pdf, abre em nova aba)<\/a><\/div>\n\n\n\n<div class=\"wp-block-file\"><a href=\"https:\/\/www.ifbaiano.edu.br\/unidades\/lapa\/files\/2020\/11\/PORTARIA-88_2020-CONSUP-IFBAIANO.pdf\" target=\"_blank\" rel=\"noreferrer noopener\">Portaria de homologa\u00e7\u00e3o do resultado final (Documento em pdf, abre em nova aba)<\/a><\/div>\n\n\n\n<p><strong>Previs\u00e3o de repasse financeiro aos estudantes:<\/strong>\u00a0novembro de 2020<\/p>\n","protected":false},"excerpt":{"rendered":"<p>A\u00a0Dire\u00e7\u00e3o-Geral\u00a0do Campus Bom Jesus da Lapa torna p\u00fablica a homologa\u00e7\u00e3o do Resultado Final da sele\u00e7\u00e3o realizada pela Comiss\u00e3o Local de Assist\u00eancia Estudantil, referente \u00e0 concess\u00e3o de Aux\u00edlio Financeiro Emergencial dos estudantes em situa\u00e7\u00e3o de vulnerabilidade socioecon\u00f4nica, em raz\u00e3o da pandemia causada pelo Covid-19, conforme autorizado pela Resolu\u00e7\u00e3o 65\/2020, alterada pela Resolu\u00e7\u00e3o 85\/2020, do Conselho Superior [&hellip;]<\/p>\n","protected":false},"author":100,"featured_media":0,"comment_status":"open","ping_status":"open","sticky":false,"template":"","format":"standard","meta":[],"categories":[25,32,64,24,65],"tags":[],"_links":{"self":[{"href":"https:\/\/www.ifbaiano.edu.br\/unidades\/lapa\/wp-json\/wp\/v2\/posts\/17883"}],"collection":[{"href":"https:\/\/www.ifbaiano.edu.br\/unidades\/lapa\/wp-json\/wp\/v2\/posts"}],"about":[{"href":"https:\/\/www.ifbaiano.edu.br\/unidades\/lapa\/wp-json\/wp\/v2\/types\/post"}],"author":[{"embeddable":true,"href":"https:\/\/www.ifbaiano.edu.br\/unidades\/lapa\/wp-json\/wp\/v2\/users\/100"}],"replies":[{"embeddable":true,"href":"https:\/\/www.ifbaiano.edu.br\/unidades\/lapa\/wp-json\/wp\/v2\/comments?post=17883"}],"version-history":[{"count":2,"href":"https:\/\/www.ifbaiano.edu.br\/unidades\/lapa\/wp-json\/wp\/v2\/posts\/17883\/revisions"}],"predecessor-version":[{"id":17890,"href":"https:\/\/www.ifbaiano.edu.br\/unidades\/lapa\/wp-json\/wp\/v2\/posts\/17883\/revisions\/17890"}],"wp:attachment":[{"href":"https:\/\/www.ifbaiano.edu.br\/unidades\/lapa\/wp-json\/wp\/v2\/media?parent=17883"}],"wp:term":[{"taxonomy":"category","embeddable":true,"href":"https:\/\/www.ifbaiano.edu.br\/unidades\/lapa\/wp-json\/wp\/v2\/categories?post=17883"},{"taxonomy":"post_tag","embeddable":true,"href":"https:\/\/www.ifbaiano.edu.br\/unidades\/lapa\/wp-json\/wp\/v2\/tags?post=17883"}],"curies":[{"name":"wp","href":"https:\/\/api.w.org\/{rel}","templated":true}]}}