{"id":17902,"date":"2020-11-05T13:33:47","date_gmt":"2020-11-05T16:33:47","guid":{"rendered":"https:\/\/www.ifbaiano.edu.br\/unidades\/lapa\/?p=17902"},"modified":"2020-11-09T16:29:17","modified_gmt":"2020-11-09T19:29:17","slug":"entrevista-a-radio-sobre-retorna-as-atividades-nao-presenciais","status":"publish","type":"post","link":"https:\/\/www.ifbaiano.edu.br\/unidades\/lapa\/2020\/11\/05\/entrevista-a-radio-sobre-retorna-as-atividades-nao-presenciais\/","title":{"rendered":"Entrevista \u00e0 Radio sobre Retorno \u00e0s atividades n\u00e3o presenciais"},"content":{"rendered":"\n<p align=\"justify\">No pr\u00f3ximo dia 6 de novembro, \u00e0s 12h, o Diretor-Geral , Ge\u00e2ngelo Rosa, e o Diretor Acad\u00eamico, Emerson Alves, conceder\u00e3o entrevista \u00e0 R\u00e1dio Bom Jesus FM esclarecendo sobre retorno \u00e0s atividades acad\u00eamicas n\u00e3o presenciais.<\/p>\n\n\n\n<figure class=\"wp-block-image size-large\"><img decoding=\"async\" loading=\"lazy\" width=\"1080\" height=\"1080\" src=\"https:\/\/www.ifbaiano.edu.br\/unidades\/lapa\/files\/2020\/11\/entrevista_radio.jpeg\" alt=\"\" class=\"wp-image-17903\" \/><\/figure>\n","protected":false},"excerpt":{"rendered":"<p>No pr\u00f3ximo dia 6 de novembro, \u00e0s 12h, o Diretor-Geral , Ge\u00e2ngelo Rosa, e o Diretor Acad\u00eamico, Emerson Alves, conceder\u00e3o entrevista \u00e0 R\u00e1dio Bom Jesus FM esclarecendo sobre retorno \u00e0s atividades acad\u00eamicas n\u00e3o presenciais.<\/p>\n","protected":false},"author":100,"featured_media":17903,"comment_status":"open","ping_status":"open","sticky":false,"template":"","format":"standard","meta":[],"categories":[25,64,39,30,24,65],"tags":[],"_links":{"self":[{"href":"https:\/\/www.ifbaiano.edu.br\/unidades\/lapa\/wp-json\/wp\/v2\/posts\/17902"}],"collection":[{"href":"https:\/\/www.ifbaiano.edu.br\/unidades\/lapa\/wp-json\/wp\/v2\/posts"}],"about":[{"href":"https:\/\/www.ifbaiano.edu.br\/unidades\/lapa\/wp-json\/wp\/v2\/types\/post"}],"author":[{"embeddable":true,"href":"https:\/\/www.ifbaiano.edu.br\/unidades\/lapa\/wp-json\/wp\/v2\/users\/100"}],"replies":[{"embeddable":true,"href":"https:\/\/www.ifbaiano.edu.br\/unidades\/lapa\/wp-json\/wp\/v2\/comments?post=17902"}],"version-history":[{"count":4,"href":"https:\/\/www.ifbaiano.edu.br\/unidades\/lapa\/wp-json\/wp\/v2\/posts\/17902\/revisions"}],"predecessor-version":[{"id":17961,"href":"https:\/\/www.ifbaiano.edu.br\/unidades\/lapa\/wp-json\/wp\/v2\/posts\/17902\/revisions\/17961"}],"wp:featuredmedia":[{"embeddable":true,"href":"https:\/\/www.ifbaiano.edu.br\/unidades\/lapa\/wp-json\/wp\/v2\/media\/17903"}],"wp:attachment":[{"href":"https:\/\/www.ifbaiano.edu.br\/unidades\/lapa\/wp-json\/wp\/v2\/media?parent=17902"}],"wp:term":[{"taxonomy":"category","embeddable":true,"href":"https:\/\/www.ifbaiano.edu.br\/unidades\/lapa\/wp-json\/wp\/v2\/categories?post=17902"},{"taxonomy":"post_tag","embeddable":true,"href":"https:\/\/www.ifbaiano.edu.br\/unidades\/lapa\/wp-json\/wp\/v2\/tags?post=17902"}],"curies":[{"name":"wp","href":"https:\/\/api.w.org\/{rel}","templated":true}]}}