{"id":17934,"date":"2020-11-09T10:37:27","date_gmt":"2020-11-09T13:37:27","guid":{"rendered":"https:\/\/www.ifbaiano.edu.br\/unidades\/lapa\/?p=17934"},"modified":"2020-11-09T10:37:27","modified_gmt":"2020-11-09T13:37:27","slug":"programacao-de-retorno-as-atividades-nao-presenciais","status":"publish","type":"post","link":"https:\/\/www.ifbaiano.edu.br\/unidades\/lapa\/2020\/11\/09\/programacao-de-retorno-as-atividades-nao-presenciais\/","title":{"rendered":"Programa\u00e7\u00e3o de Retorno \u00e0s Atividades N\u00e3o Presenciais"},"content":{"rendered":"\n<p>09\/11\/2020 &#8211; Forma\u00e7\u00e3o docente e Equipe Pedag\u00f3gica<br>\n09 a 11\/11\/2020 &#8211; Planejamento das atividades Pedag\u00f3gicas N\u00e3o Presenciais (DA, CE, DG e Equipe T\u00e9cnica)<br>\n12\/11\/2020 &#8211; Reuni\u00e3o com pais\/respons\u00e1veis &#8211; Live no Youtube<br>\n13\/12\/2020 &#8211; Aprecia\u00e7\u00e3o e aprova\u00e7\u00e3o do Calend\u00e1rio Acad\u00eamico (servidores, representa\u00e7\u00e3o estudantil e pais\/respons\u00e1veis)<br>\n16 a 20\/11\/2020 &#8211; Acolhimento com coordenadores e ambienta\u00e7\u00e3o dos discentes ao ambiente virtual de aprendizagem<br>\n23\/11\/2020 &#8211; In\u00edcio das aulas n\u00e3o presenciais<\/p>\n<p>Ainda nesta semana, ser\u00e1 divulgado o calend\u00e1rio do acolhimento por turma. Fique atento (a)!<\/p>\n\n\n\n<figure class=\"wp-block-image size-large\"><img decoding=\"async\" loading=\"lazy\" width=\"904\" height=\"1280\" src=\"https:\/\/www.ifbaiano.edu.br\/unidades\/lapa\/files\/2020\/11\/programacao-retorno-atividades-nao-presenciais.jpeg\" alt=\"\" class=\"wp-image-17937\" \/><\/figure>\n\n\n\n<p>Fonte: Diretoria Acad\u00eamica e Coordena\u00e7\u00e3o de Ensino do <em>Campus<\/em> Bom Jesus da Lapa<\/p>\n","protected":false},"excerpt":{"rendered":"<p>09\/11\/2020 &#8211; Forma\u00e7\u00e3o docente e Equipe Pedag\u00f3gica 09 a 11\/11\/2020 &#8211; Planejamento das atividades Pedag\u00f3gicas N\u00e3o Presenciais (DA, CE, DG e Equipe T\u00e9cnica) 12\/11\/2020 &#8211; Reuni\u00e3o com pais\/respons\u00e1veis &#8211; Live no Youtube 13\/12\/2020 &#8211; Aprecia\u00e7\u00e3o e aprova\u00e7\u00e3o do Calend\u00e1rio Acad\u00eamico (servidores, representa\u00e7\u00e3o estudantil e pais\/respons\u00e1veis) 16 a 20\/11\/2020 &#8211; Acolhimento com coordenadores e ambienta\u00e7\u00e3o dos [&hellip;]<\/p>\n","protected":false},"author":100,"featured_media":17937,"comment_status":"open","ping_status":"open","sticky":false,"template":"","format":"standard","meta":[],"categories":[25,41,64,39,30,24,65],"tags":[],"_links":{"self":[{"href":"https:\/\/www.ifbaiano.edu.br\/unidades\/lapa\/wp-json\/wp\/v2\/posts\/17934"}],"collection":[{"href":"https:\/\/www.ifbaiano.edu.br\/unidades\/lapa\/wp-json\/wp\/v2\/posts"}],"about":[{"href":"https:\/\/www.ifbaiano.edu.br\/unidades\/lapa\/wp-json\/wp\/v2\/types\/post"}],"author":[{"embeddable":true,"href":"https:\/\/www.ifbaiano.edu.br\/unidades\/lapa\/wp-json\/wp\/v2\/users\/100"}],"replies":[{"embeddable":true,"href":"https:\/\/www.ifbaiano.edu.br\/unidades\/lapa\/wp-json\/wp\/v2\/comments?post=17934"}],"version-history":[{"count":5,"href":"https:\/\/www.ifbaiano.edu.br\/unidades\/lapa\/wp-json\/wp\/v2\/posts\/17934\/revisions"}],"predecessor-version":[{"id":17940,"href":"https:\/\/www.ifbaiano.edu.br\/unidades\/lapa\/wp-json\/wp\/v2\/posts\/17934\/revisions\/17940"}],"wp:featuredmedia":[{"embeddable":true,"href":"https:\/\/www.ifbaiano.edu.br\/unidades\/lapa\/wp-json\/wp\/v2\/media\/17937"}],"wp:attachment":[{"href":"https:\/\/www.ifbaiano.edu.br\/unidades\/lapa\/wp-json\/wp\/v2\/media?parent=17934"}],"wp:term":[{"taxonomy":"category","embeddable":true,"href":"https:\/\/www.ifbaiano.edu.br\/unidades\/lapa\/wp-json\/wp\/v2\/categories?post=17934"},{"taxonomy":"post_tag","embeddable":true,"href":"https:\/\/www.ifbaiano.edu.br\/unidades\/lapa\/wp-json\/wp\/v2\/tags?post=17934"}],"curies":[{"name":"wp","href":"https:\/\/api.w.org\/{rel}","templated":true}]}}