{"id":17941,"date":"2020-11-09T10:53:06","date_gmt":"2020-11-09T13:53:06","guid":{"rendered":"https:\/\/www.ifbaiano.edu.br\/unidades\/lapa\/?p=17941"},"modified":"2020-11-09T16:28:46","modified_gmt":"2020-11-09T19:28:46","slug":"entrevista-a-radio-de-serra-do-ramalho-sobre-retorna-as-atividades-nao-presenciais","status":"publish","type":"post","link":"https:\/\/www.ifbaiano.edu.br\/unidades\/lapa\/2020\/11\/09\/entrevista-a-radio-de-serra-do-ramalho-sobre-retorna-as-atividades-nao-presenciais\/","title":{"rendered":"Entrevista \u00e0 Radio de Serra do Ramalho sobre Retorno \u00e0s atividades n\u00e3o presenciais"},"content":{"rendered":"\n<p><p align=\"justify\">No pr\u00f3ximo dia 11 de novembro, \u00e0s 12h, o Diretor-Geral, Ge\u00e2ngelo Rosa, e o Diretor Acad\u00eamico, Emerson Alves, conceder\u00e3o entrevista \u00e0 R\u00e1dio Sucesso 88.5 FM esclarecendo sobre retorno \u00e0s atividades acad\u00eamicas n\u00e3o presenciais.<\/p><\/p>\n\n\n\n<figure class=\"wp-block-image size-large\"><img decoding=\"async\" loading=\"lazy\" width=\"1080\" height=\"1080\" src=\"https:\/\/www.ifbaiano.edu.br\/unidades\/lapa\/files\/2020\/11\/entrevista-radio-serra-do-ramalho.jpeg\" alt=\"\" class=\"wp-image-17942\" \/><\/figure>\n","protected":false},"excerpt":{"rendered":"<p>No pr\u00f3ximo dia 11 de novembro, \u00e0s 12h, o Diretor-Geral, Ge\u00e2ngelo Rosa, e o Diretor Acad\u00eamico, Emerson Alves, conceder\u00e3o entrevista \u00e0 R\u00e1dio Sucesso 88.5 FM esclarecendo sobre retorno \u00e0s atividades acad\u00eamicas n\u00e3o presenciais.<\/p>\n","protected":false},"author":100,"featured_media":17942,"comment_status":"open","ping_status":"open","sticky":false,"template":"","format":"standard","meta":[],"categories":[25,64,39,30,24,65],"tags":[],"_links":{"self":[{"href":"https:\/\/www.ifbaiano.edu.br\/unidades\/lapa\/wp-json\/wp\/v2\/posts\/17941"}],"collection":[{"href":"https:\/\/www.ifbaiano.edu.br\/unidades\/lapa\/wp-json\/wp\/v2\/posts"}],"about":[{"href":"https:\/\/www.ifbaiano.edu.br\/unidades\/lapa\/wp-json\/wp\/v2\/types\/post"}],"author":[{"embeddable":true,"href":"https:\/\/www.ifbaiano.edu.br\/unidades\/lapa\/wp-json\/wp\/v2\/users\/100"}],"replies":[{"embeddable":true,"href":"https:\/\/www.ifbaiano.edu.br\/unidades\/lapa\/wp-json\/wp\/v2\/comments?post=17941"}],"version-history":[{"count":4,"href":"https:\/\/www.ifbaiano.edu.br\/unidades\/lapa\/wp-json\/wp\/v2\/posts\/17941\/revisions"}],"predecessor-version":[{"id":17960,"href":"https:\/\/www.ifbaiano.edu.br\/unidades\/lapa\/wp-json\/wp\/v2\/posts\/17941\/revisions\/17960"}],"wp:featuredmedia":[{"embeddable":true,"href":"https:\/\/www.ifbaiano.edu.br\/unidades\/lapa\/wp-json\/wp\/v2\/media\/17942"}],"wp:attachment":[{"href":"https:\/\/www.ifbaiano.edu.br\/unidades\/lapa\/wp-json\/wp\/v2\/media?parent=17941"}],"wp:term":[{"taxonomy":"category","embeddable":true,"href":"https:\/\/www.ifbaiano.edu.br\/unidades\/lapa\/wp-json\/wp\/v2\/categories?post=17941"},{"taxonomy":"post_tag","embeddable":true,"href":"https:\/\/www.ifbaiano.edu.br\/unidades\/lapa\/wp-json\/wp\/v2\/tags?post=17941"}],"curies":[{"name":"wp","href":"https:\/\/api.w.org\/{rel}","templated":true}]}}