{"id":17948,"date":"2020-11-09T15:56:45","date_gmt":"2020-11-09T18:56:45","guid":{"rendered":"https:\/\/www.ifbaiano.edu.br\/unidades\/lapa\/?p=17948"},"modified":"2020-11-24T17:08:36","modified_gmt":"2020-11-24T20:08:36","slug":"selecao-de-estudantes-para-auxilio-inclusao-digital","status":"publish","type":"post","link":"https:\/\/www.ifbaiano.edu.br\/unidades\/lapa\/2020\/11\/09\/selecao-de-estudantes-para-auxilio-inclusao-digital\/","title":{"rendered":"Sele\u00e7\u00e3o de estudantes para Aux\u00edlio Inclus\u00e3o Digital"},"content":{"rendered":"\n<p align=\"justify\">O Diretor-Geral do Instituto Federal Baiano &#8211; Campus Bom Jesus da Lapa torna p\u00fablico Edital n\u00ba 18\/2020, que estabelece as normas e crit\u00e9rios para sele\u00e7\u00e3o de estudantes em vulnerabilidade socioecon\u00f4mica, de cursos presenciais e a dist\u00e2ncia, para os Aux\u00edlios de Inclus\u00e3o Digital em Atendimento \u00e0s Atividades Pedag\u00f3gicas n\u00e3o Presenciais (APNP), por meio do Programa de Assist\u00eancia e Inclus\u00e3o Social do Estudante (PAISE), deste Instituto.<br>Est\u00e3o sendo disponibilizadas 164 bolsas, distribu\u00eddas nas modalidades: pacote de dados (40), contrata\u00e7\u00e3o de banda larga (100) e aux\u00edlio aquisi\u00e7\u00e3o e manuten\u00e7\u00e3o de equipamento (24), totalizando o montante de R$ 98.400,00 (noventa e oito mil e quatrocentos reais).<br>As inscri\u00e7\u00f5es v\u00e3o de 9 a&nbsp;13 de novembro&nbsp;de 2020 e o processo seletivo ser\u00e1 realizado pela Comiss\u00e3o Local de Assist\u00eancia Estudantil.<\/p>\n\n\n\n<p><\/p>\n\n\n\n<p><a rel=\"noreferrer noopener\" href=\"https:\/\/opinanovo.ifbaiano.edu.br\/index.php\/498837?lang=pt-BR\" target=\"_blank\">Link de inscri\u00e7\u00e3o\/Plataforma Opina (Redireciona a site externo, abre em outra aba)<\/a><\/p>\n\n\n\n<div class=\"wp-block-file\"><a href=\"https:\/\/www.ifbaiano.edu.br\/unidades\/lapa\/files\/2020\/11\/EDITAL_18-2020.pdf\" target=\"_blank\" rel=\"noreferrer noopener\">Edital 18\/2020, de 9 de novembro de 2020 (documento pdf, abre em nova aba)<\/a><\/div>\n\n\n\n<div class=\"wp-block-file\"><a href=\"https:\/\/www.ifbaiano.edu.br\/unidades\/lapa\/files\/2020\/11\/ANEXO_I.pdf\" target=\"_blank\" rel=\"noreferrer noopener\"><span style=\"text-transform:uppercase\">Anexo I<\/span> (documento pdf, abre em nova aba)<\/a><\/div>\n\n\n\n<div class=\"wp-block-file\"><a href=\"https:\/\/www.ifbaiano.edu.br\/unidades\/lapa\/files\/2020\/11\/ANEXO_II.pdf\" target=\"_blank\" rel=\"noreferrer noopener\"><span style=\"text-transform:uppercase\">Anexo II<\/span>(documento pdf, abre em nova aba)<\/a><\/div>\n\n\n\n<div class=\"wp-block-file\"><a href=\"https:\/\/www.ifbaiano.edu.br\/unidades\/lapa\/files\/2020\/11\/Edital_23-2020.pdf\" target=\"_blank\" rel=\"noreferrer noopener\">Edital de Retifica\u00e7\u00e3o n\u00ba 23\/2020. Retifica o Edital 18\/2020 &#8211; Sele\u00e7\u00e3o de Estudantes, em vulnerabilidade socioecon\u00f4mica, ao Aux\u00edlio de Inclus\u00e3o Digital em atendimento \u00e0s Atividades Pedag\u00f3gicas N\u00e3o Presenciais (APNP) (documento pdf, abre em nova aba)<\/a><\/div>\n<div class=\"wp-block-file\"><a href=\"https:\/\/www.ifbaiano.edu.br\/unidades\/lapa\/files\/2020\/11\/Edital-24-2020.pdf\" target=\"_blank\" rel=\"noreferrer noopener\">Edital n\u00ba 24\/2020, retifica Edital 18\/2020 &#8211; Sele\u00e7\u00e3o de estudantes ao Aux\u00edlio Inclus\u00e3o Digital (Documento pdf, abre em nova aba)<\/a><\/div>\n\n\n\n<p><a rel=\"noreferrer noopener\" href=\"https:\/\/www.ifbaiano.edu.br\/unidades\/lapa\/files\/2020\/11\/Hologacao-das-inscricoes-Auxilio-Inclusao-Digital.pdf\" target=\"_blank\">Homologa\u00e7\u00e3o das Inscri\u00e7\u00f5es Aux\u00edlio Inclus\u00e3o Digital (documento pdf, abre em nova aba)<\/a><\/p>\n\n\n\n<p><a rel=\"noreferrer noopener\" href=\"https:\/\/www.ifbaiano.edu.br\/unidades\/lapa\/files\/2020\/11\/Resultado-Preliminar-Auxilio-Inclusao-Digital.pdf\" target=\"_blank\">Resultado Preliminar &#8211; Aux\u00edlio Inclus\u00e3o Digital (Documento em pdf, abre em nova aba)<\/a><\/p>\n\n\n\n<div class=\"wp-block-columns is-layout-flex wp-container-3\">\n<div class=\"wp-block-column is-layout-flow\">\n<figure class=\"wp-block-embed-youtube wp-block-embed is-type-video is-provider-youtube wp-embed-aspect-16-9 wp-has-aspect-ratio\"><div class=\"wp-block-embed__wrapper\">\n<iframe loading=\"lazy\" title=\"Aux\u00edlios de Inclus\u00e3o Digital em Atendimento \u00e0s APNP&#039;s\" width=\"500\" height=\"281\" src=\"https:\/\/www.youtube.com\/embed\/dNbaaI54q2U?feature=oembed\" frameborder=\"0\" allow=\"accelerometer; autoplay; clipboard-write; encrypted-media; gyroscope; picture-in-picture\" allowfullscreen><\/iframe>\n<\/div><\/figure>\n<\/div>\n\n\n\n<div class=\"wp-block-column is-layout-flow\">\n<figure class=\"wp-block-embed-youtube wp-block-embed is-type-video is-provider-youtube wp-embed-aspect-16-9 wp-has-aspect-ratio\"><div class=\"wp-block-embed__wrapper\">\n<iframe loading=\"lazy\" title=\"Tutorial - Preenchimento do Formul\u00e1rio de Aux\u00edlio Inclus\u00e3o Digital\" width=\"500\" height=\"281\" src=\"https:\/\/www.youtube.com\/embed\/H5Ifjw6uwdA?feature=oembed\" frameborder=\"0\" allow=\"accelerometer; autoplay; clipboard-write; encrypted-media; gyroscope; picture-in-picture\" allowfullscreen><\/iframe>\n<\/div><\/figure>\n\n\n\n<p><\/p>\n<\/div>\n<\/div>\n\n\n\n<div class=\"wp-block-group is-layout-flow\"><div class=\"wp-block-group__inner-container\"><\/div><\/div>\n","protected":false},"excerpt":{"rendered":"<p>O Diretor-Geral do Instituto Federal Baiano &#8211; Campus Bom Jesus da Lapa torna p\u00fablico Edital n\u00ba 18\/2020, que estabelece as normas e crit\u00e9rios para sele\u00e7\u00e3o de estudantes em vulnerabilidade socioecon\u00f4mica, de cursos presenciais e a dist\u00e2ncia, para os Aux\u00edlios de Inclus\u00e3o Digital em Atendimento \u00e0s Atividades Pedag\u00f3gicas n\u00e3o Presenciais (APNP), por meio do Programa de [&hellip;]<\/p>\n","protected":false},"author":100,"featured_media":0,"comment_status":"open","ping_status":"open","sticky":false,"template":"","format":"standard","meta":[],"categories":[25,32,64,30,24,65],"tags":[],"_links":{"self":[{"href":"https:\/\/www.ifbaiano.edu.br\/unidades\/lapa\/wp-json\/wp\/v2\/posts\/17948"}],"collection":[{"href":"https:\/\/www.ifbaiano.edu.br\/unidades\/lapa\/wp-json\/wp\/v2\/posts"}],"about":[{"href":"https:\/\/www.ifbaiano.edu.br\/unidades\/lapa\/wp-json\/wp\/v2\/types\/post"}],"author":[{"embeddable":true,"href":"https:\/\/www.ifbaiano.edu.br\/unidades\/lapa\/wp-json\/wp\/v2\/users\/100"}],"replies":[{"embeddable":true,"href":"https:\/\/www.ifbaiano.edu.br\/unidades\/lapa\/wp-json\/wp\/v2\/comments?post=17948"}],"version-history":[{"count":20,"href":"https:\/\/www.ifbaiano.edu.br\/unidades\/lapa\/wp-json\/wp\/v2\/posts\/17948\/revisions"}],"predecessor-version":[{"id":18197,"href":"https:\/\/www.ifbaiano.edu.br\/unidades\/lapa\/wp-json\/wp\/v2\/posts\/17948\/revisions\/18197"}],"wp:attachment":[{"href":"https:\/\/www.ifbaiano.edu.br\/unidades\/lapa\/wp-json\/wp\/v2\/media?parent=17948"}],"wp:term":[{"taxonomy":"category","embeddable":true,"href":"https:\/\/www.ifbaiano.edu.br\/unidades\/lapa\/wp-json\/wp\/v2\/categories?post=17948"},{"taxonomy":"post_tag","embeddable":true,"href":"https:\/\/www.ifbaiano.edu.br\/unidades\/lapa\/wp-json\/wp\/v2\/tags?post=17948"}],"curies":[{"name":"wp","href":"https:\/\/api.w.org\/{rel}","templated":true}]}}