{"id":17966,"date":"2020-11-09T17:16:28","date_gmt":"2020-11-09T20:16:28","guid":{"rendered":"https:\/\/www.ifbaiano.edu.br\/unidades\/lapa\/?p=17966"},"modified":"2020-11-19T10:59:07","modified_gmt":"2020-11-19T13:59:07","slug":"episodio-9-e-10-da-segunda-temporada-do-dedin-de-prosa-disponivel-no-youtube","status":"publish","type":"post","link":"https:\/\/www.ifbaiano.edu.br\/unidades\/lapa\/2020\/11\/09\/episodio-9-e-10-da-segunda-temporada-do-dedin-de-prosa-disponivel-no-youtube\/","title":{"rendered":"Epis\u00f3dio 9 e 10 da Segunda Temporada do Dedin de Prosa Dispon\u00edvel no Youtube"},"content":{"rendered":"\n<p><p align=\"justify\">J\u00e1 se encontram dispon\u00edveis, no Canal do Youtube do <em>Campus<\/em> Bom Jesus da Lapa, os epis\u00f3dio 9 (Rela\u00e7\u00e3o homem natureza) e 10 (Consci\u00eancia Negra) do <em>Podcast<\/em> Dedin de Prosa, de forma a permitir que tanto surdos quanto ouvintes possam ter acesso a esse conte\u00fado.<\/p><\/p>\n\n\n\n<div class=\"wp-block-columns is-layout-flex wp-container-3\">\n<div class=\"wp-block-column is-layout-flow\">\n<figure class=\"wp-block-embed-youtube wp-block-embed is-type-video is-provider-youtube wp-embed-aspect-16-9 wp-has-aspect-ratio\"><div class=\"wp-block-embed__wrapper\">\n<iframe loading=\"lazy\" title=\"Dedin de Prosa \u2013 Rela\u00e7\u00e3o homem natureza\" width=\"500\" height=\"281\" src=\"https:\/\/www.youtube.com\/embed\/y2sxFPPPO3M?feature=oembed\" frameborder=\"0\" allow=\"accelerometer; autoplay; clipboard-write; encrypted-media; gyroscope; picture-in-picture\" allowfullscreen><\/iframe>\n<\/div><\/figure>\n<\/div>\n\n\n\n<div class=\"wp-block-column is-layout-flow\">\n<figure class=\"wp-block-embed-youtube wp-block-embed is-type-video is-provider-youtube wp-embed-aspect-16-9 wp-has-aspect-ratio\"><div class=\"wp-block-embed__wrapper\">\n<iframe loading=\"lazy\" title=\"Dedin de Prosa \u2013 Consci\u00eancia Negra\" width=\"500\" height=\"281\" src=\"https:\/\/www.youtube.com\/embed\/IY7nGWlZ3mI?feature=oembed\" frameborder=\"0\" allow=\"accelerometer; autoplay; clipboard-write; encrypted-media; gyroscope; picture-in-picture\" allowfullscreen><\/iframe>\n<\/div><\/figure>\n<\/div>\n<\/div>\n\n\n\n<p><\/p>\n","protected":false},"excerpt":{"rendered":"<p>J\u00e1 se encontram dispon\u00edveis, no Canal do Youtube do Campus Bom Jesus da Lapa, os epis\u00f3dio 9 (Rela\u00e7\u00e3o homem natureza) e 10 (Consci\u00eancia Negra) do Podcast Dedin de Prosa, de forma a permitir que tanto surdos quanto ouvintes possam ter acesso a esse conte\u00fado.<\/p>\n","protected":false},"author":100,"featured_media":16271,"comment_status":"open","ping_status":"open","sticky":false,"template":"","format":"standard","meta":[],"categories":[64,24,40,65],"tags":[],"_links":{"self":[{"href":"https:\/\/www.ifbaiano.edu.br\/unidades\/lapa\/wp-json\/wp\/v2\/posts\/17966"}],"collection":[{"href":"https:\/\/www.ifbaiano.edu.br\/unidades\/lapa\/wp-json\/wp\/v2\/posts"}],"about":[{"href":"https:\/\/www.ifbaiano.edu.br\/unidades\/lapa\/wp-json\/wp\/v2\/types\/post"}],"author":[{"embeddable":true,"href":"https:\/\/www.ifbaiano.edu.br\/unidades\/lapa\/wp-json\/wp\/v2\/users\/100"}],"replies":[{"embeddable":true,"href":"https:\/\/www.ifbaiano.edu.br\/unidades\/lapa\/wp-json\/wp\/v2\/comments?post=17966"}],"version-history":[{"count":3,"href":"https:\/\/www.ifbaiano.edu.br\/unidades\/lapa\/wp-json\/wp\/v2\/posts\/17966\/revisions"}],"predecessor-version":[{"id":18056,"href":"https:\/\/www.ifbaiano.edu.br\/unidades\/lapa\/wp-json\/wp\/v2\/posts\/17966\/revisions\/18056"}],"wp:featuredmedia":[{"embeddable":true,"href":"https:\/\/www.ifbaiano.edu.br\/unidades\/lapa\/wp-json\/wp\/v2\/media\/16271"}],"wp:attachment":[{"href":"https:\/\/www.ifbaiano.edu.br\/unidades\/lapa\/wp-json\/wp\/v2\/media?parent=17966"}],"wp:term":[{"taxonomy":"category","embeddable":true,"href":"https:\/\/www.ifbaiano.edu.br\/unidades\/lapa\/wp-json\/wp\/v2\/categories?post=17966"},{"taxonomy":"post_tag","embeddable":true,"href":"https:\/\/www.ifbaiano.edu.br\/unidades\/lapa\/wp-json\/wp\/v2\/tags?post=17966"}],"curies":[{"name":"wp","href":"https:\/\/api.w.org\/{rel}","templated":true}]}}