{"id":17973,"date":"2020-11-10T09:21:58","date_gmt":"2020-11-10T12:21:58","guid":{"rendered":"https:\/\/www.ifbaiano.edu.br\/unidades\/lapa\/?p=17973"},"modified":"2020-11-10T09:38:43","modified_gmt":"2020-11-10T12:38:43","slug":"entrevista-a-radio-de-riacho-de-santana-sobre-retorno-as-atividades-nao-presenciais","status":"publish","type":"post","link":"https:\/\/www.ifbaiano.edu.br\/unidades\/lapa\/2020\/11\/10\/entrevista-a-radio-de-riacho-de-santana-sobre-retorno-as-atividades-nao-presenciais\/","title":{"rendered":"Entrevista \u00e0 Radio de Riacho de Santana sobre retorno \u00e0s atividades n\u00e3o presenciais"},"content":{"rendered":"\n<p><p align=\"justify\">Entrevista na R\u00e1dio Guadalupe &#8211; Riacho de Santana &#8211; 10.11.2020 &#8211; a partir das 9h00.<br>Retorno das atividades acad\u00eamicas em formato n\u00e3o presencial.<br>Participa\u00e7\u00e3o: Diretor-Geral e Acad\u00eamico do IF Baiano &#8211; Campus Bom Jesus da Lapa.<\/p><\/p>\n\n\n\n<figure class=\"wp-block-image size-large\"><img decoding=\"async\" loading=\"lazy\" width=\"466\" height=\"468\" src=\"https:\/\/www.ifbaiano.edu.br\/unidades\/lapa\/files\/2020\/11\/entrevista-radio-riacho-do-santana.jpeg\" alt=\"\" class=\"wp-image-17975\" \/><\/figure>\n","protected":false},"excerpt":{"rendered":"<p>Entrevista na R\u00e1dio Guadalupe &#8211; Riacho de Santana &#8211; 10.11.2020 &#8211; a partir das 9h00.Retorno das atividades acad\u00eamicas em formato n\u00e3o presencial.Participa\u00e7\u00e3o: Diretor-Geral e Acad\u00eamico do IF Baiano &#8211; Campus Bom Jesus da Lapa.<\/p>\n","protected":false},"author":100,"featured_media":17975,"comment_status":"open","ping_status":"open","sticky":false,"template":"","format":"standard","meta":[],"categories":[25,39,30,24,65],"tags":[],"_links":{"self":[{"href":"https:\/\/www.ifbaiano.edu.br\/unidades\/lapa\/wp-json\/wp\/v2\/posts\/17973"}],"collection":[{"href":"https:\/\/www.ifbaiano.edu.br\/unidades\/lapa\/wp-json\/wp\/v2\/posts"}],"about":[{"href":"https:\/\/www.ifbaiano.edu.br\/unidades\/lapa\/wp-json\/wp\/v2\/types\/post"}],"author":[{"embeddable":true,"href":"https:\/\/www.ifbaiano.edu.br\/unidades\/lapa\/wp-json\/wp\/v2\/users\/100"}],"replies":[{"embeddable":true,"href":"https:\/\/www.ifbaiano.edu.br\/unidades\/lapa\/wp-json\/wp\/v2\/comments?post=17973"}],"version-history":[{"count":4,"href":"https:\/\/www.ifbaiano.edu.br\/unidades\/lapa\/wp-json\/wp\/v2\/posts\/17973\/revisions"}],"predecessor-version":[{"id":17978,"href":"https:\/\/www.ifbaiano.edu.br\/unidades\/lapa\/wp-json\/wp\/v2\/posts\/17973\/revisions\/17978"}],"wp:featuredmedia":[{"embeddable":true,"href":"https:\/\/www.ifbaiano.edu.br\/unidades\/lapa\/wp-json\/wp\/v2\/media\/17975"}],"wp:attachment":[{"href":"https:\/\/www.ifbaiano.edu.br\/unidades\/lapa\/wp-json\/wp\/v2\/media?parent=17973"}],"wp:term":[{"taxonomy":"category","embeddable":true,"href":"https:\/\/www.ifbaiano.edu.br\/unidades\/lapa\/wp-json\/wp\/v2\/categories?post=17973"},{"taxonomy":"post_tag","embeddable":true,"href":"https:\/\/www.ifbaiano.edu.br\/unidades\/lapa\/wp-json\/wp\/v2\/tags?post=17973"}],"curies":[{"name":"wp","href":"https:\/\/api.w.org\/{rel}","templated":true}]}}