{"id":18005,"date":"2020-11-13T14:50:37","date_gmt":"2020-11-13T17:50:37","guid":{"rendered":"https:\/\/www.ifbaiano.edu.br\/unidades\/lapa\/?p=18005"},"modified":"2020-11-13T18:14:39","modified_gmt":"2020-11-13T21:14:39","slug":"dedin-de-prosa-novembro-azul","status":"publish","type":"post","link":"https:\/\/www.ifbaiano.edu.br\/unidades\/lapa\/2020\/11\/13\/dedin-de-prosa-novembro-azul\/","title":{"rendered":"Dedin de Prosa &#8211; Novembro Azul"},"content":{"rendered":"\n<p><p align=\"justify\">Neste epis\u00f3dio, Rodrigo Stolze, enfermeiro, e Aline Lima, psic\u00f3loga, tratam do novembro azul, campanha de conscientiza\u00e7\u00e3o para alertar os homens sobre a import\u00e2ncia da detec\u00e7\u00e3o e preven\u00e7\u00e3o ao c\u00e2ncer de pr\u00f3stata. Apresentam as causas e os h\u00e1bitos que provocam essa enfermidade. Refor\u00e7am tamb\u00e9m a necessidade de quebra de estere\u00f3tipos e preconceitos no trato do tema.<\/p> <p>Clique na imagem para ouvir ou no link abaixo para ver o v\u00eddeo com interpreta\u00e7\u00e3o em <span style=\"text-transform:uppercase\">Libras<\/span>.<\/p><\/p>\n\n\n\n<div class=\"wp-block-columns is-layout-flex wp-container-2\">\n<div class=\"wp-block-column is-layout-flow\">\n<figure class=\"wp-block-image size-large\"><a href=\"https:\/\/anchor.fm\/dedin-de-prosa\/episodes\/Episdio-11---Campanha-Novembro-Azul-emeep7\/a-a2r158p\" target=\"_blank\" rel=\"noopener noreferrer\"><img decoding=\"async\" loading=\"lazy\" width=\"1080\" height=\"1080\" src=\"https:\/\/www.ifbaiano.edu.br\/unidades\/lapa\/files\/2020\/06\/dedin-de-prosa-lapa-itapetinga.png\" alt=\"\" class=\"wp-image-16271\"><\/a><figcaption>Dedin de Prosa<\/figcaption><\/figure>\n<\/div>\n<\/div>\n\n\n\n<p><a href=\"https:\/\/youtu.be\/T70jMRWlHzc\" target=\"_blank\" rel=\"noopener noreferrer\">V\u00eddeo com Interpreta\u00e7\u00e3o em <span style=\"text-transform:uppercase\">Libras<\/span> (Abre site externo em nova aba)<\/a><\/p>\n","protected":false},"excerpt":{"rendered":"<p>Neste epis\u00f3dio, Rodrigo Stolze, enfermeiro, e Aline Lima, psic\u00f3loga, tratam do novembro azul, campanha de conscientiza\u00e7\u00e3o para alertar os homens sobre a import\u00e2ncia da detec\u00e7\u00e3o e preven\u00e7\u00e3o ao c\u00e2ncer de pr\u00f3stata. Apresentam as causas e os h\u00e1bitos que provocam essa enfermidade. Refor\u00e7am tamb\u00e9m a necessidade de quebra de estere\u00f3tipos e preconceitos no trato do tema. [&hellip;]<\/p>\n","protected":false},"author":100,"featured_media":16271,"comment_status":"open","ping_status":"open","sticky":false,"template":"","format":"standard","meta":[],"categories":[64,24,40,65],"tags":[],"_links":{"self":[{"href":"https:\/\/www.ifbaiano.edu.br\/unidades\/lapa\/wp-json\/wp\/v2\/posts\/18005"}],"collection":[{"href":"https:\/\/www.ifbaiano.edu.br\/unidades\/lapa\/wp-json\/wp\/v2\/posts"}],"about":[{"href":"https:\/\/www.ifbaiano.edu.br\/unidades\/lapa\/wp-json\/wp\/v2\/types\/post"}],"author":[{"embeddable":true,"href":"https:\/\/www.ifbaiano.edu.br\/unidades\/lapa\/wp-json\/wp\/v2\/users\/100"}],"replies":[{"embeddable":true,"href":"https:\/\/www.ifbaiano.edu.br\/unidades\/lapa\/wp-json\/wp\/v2\/comments?post=18005"}],"version-history":[{"count":8,"href":"https:\/\/www.ifbaiano.edu.br\/unidades\/lapa\/wp-json\/wp\/v2\/posts\/18005\/revisions"}],"predecessor-version":[{"id":18011,"href":"https:\/\/www.ifbaiano.edu.br\/unidades\/lapa\/wp-json\/wp\/v2\/posts\/18005\/revisions\/18011"}],"wp:featuredmedia":[{"embeddable":true,"href":"https:\/\/www.ifbaiano.edu.br\/unidades\/lapa\/wp-json\/wp\/v2\/media\/16271"}],"wp:attachment":[{"href":"https:\/\/www.ifbaiano.edu.br\/unidades\/lapa\/wp-json\/wp\/v2\/media?parent=18005"}],"wp:term":[{"taxonomy":"category","embeddable":true,"href":"https:\/\/www.ifbaiano.edu.br\/unidades\/lapa\/wp-json\/wp\/v2\/categories?post=18005"},{"taxonomy":"post_tag","embeddable":true,"href":"https:\/\/www.ifbaiano.edu.br\/unidades\/lapa\/wp-json\/wp\/v2\/tags?post=18005"}],"curies":[{"name":"wp","href":"https:\/\/api.w.org\/{rel}","templated":true}]}}