{"id":18015,"date":"2020-11-16T15:51:24","date_gmt":"2020-11-16T18:51:24","guid":{"rendered":"https:\/\/www.ifbaiano.edu.br\/unidades\/lapa\/?p=18015"},"modified":"2020-11-16T17:43:13","modified_gmt":"2020-11-16T20:43:13","slug":"semana-de-acolhimento","status":"publish","type":"post","link":"https:\/\/www.ifbaiano.edu.br\/unidades\/lapa\/2020\/11\/16\/semana-de-acolhimento\/","title":{"rendered":"Semana de Acolhimento"},"content":{"rendered":"\n<p>Encontro com Coordena\u00e7\u00e3o e Equipe Pedag\u00f3gica<\/p>\n\n\n\n<p>17\/11 09:00 \u00e0s 10:30 \u2013 Curso Agroecologia, Agricultura e Inform\u00e1tica<\/p>\n\n\n\n<p><a href=\"https:\/\/conferenciaweb.rnp.br\/webconf\/wilder-machado-da-cruz\">https:\/\/conferenciaweb.rnp.br\/webconf\/wilder-machado-da-cruz<\/a><\/p>\n\n\n\n<p>17\/11 09:00 \u00e0s 11:00 \u2013 Curso Agricultura e Inform\u00e1tica Subsequente<\/p>\n\n\n\n<p><a href=\"https:\/\/conferenciaweb.rnp.br\/webconf\/thiago-santos-souza\">https:\/\/conferenciaweb.rnp.br\/webconf\/thiago-santos-souza<\/a><\/p>\n\n\n\n<p>17\/11 14:00 \u00e0s 15:30 \u2013 Curso Engenharia Agron\u00f4mica<\/p>\n\n\n\n<p><a href=\"https:\/\/conferenciaweb.rnp.br\/webconf\/yuri-de-oliveira-luna-e-almeida\">https:\/\/conferenciaweb.rnp.br\/webconf\/yuri-de-oliveira-luna-e-almeida<\/a><\/p>\n\n\n\n<p>17\/11 19:30 \u00e0s 20:30 \u2013 Curso Gest\u00e3o de Tecnologia da Informa\u00e7\u00e3o<\/p>\n\n\n\n<p><a href=\"https:\/\/conferenciaweb.rnp.br\/webconf\/thiago-santos-souza\">https:\/\/conferenciaweb.rnp.br\/webconf\/thiago-santos-souza<\/a><\/p>\n\n\n\n<p>Ambienta\u00e7\u00e3o ao Moodle<\/p>\n\n\n\n<p>Dias 18 e 19\/11 \u2013 09:00 \u00e0s 10:30<\/p>\n\n\n\n<p>Canal do Youtube do Campus Bom Jesus da Lapa<\/p>\n\n\n\n<figure class=\"wp-block-image size-large\"><img decoding=\"async\" loading=\"lazy\" width=\"904\" height=\"1280\" src=\"https:\/\/www.ifbaiano.edu.br\/unidades\/lapa\/files\/2020\/11\/semana-acolhimento.jpeg\" alt=\"\" class=\"wp-image-18016\" \/><\/figure>\n","protected":false},"excerpt":{"rendered":"<p>Encontro com Coordena\u00e7\u00e3o e Equipe Pedag\u00f3gica 17\/11 09:00 \u00e0s 10:30 \u2013 Curso Agroecologia, Agricultura e Inform\u00e1tica https:\/\/conferenciaweb.rnp.br\/webconf\/wilder-machado-da-cruz 17\/11 09:00 \u00e0s 11:00 \u2013 Curso Agricultura e Inform\u00e1tica Subsequente https:\/\/conferenciaweb.rnp.br\/webconf\/thiago-santos-souza 17\/11 14:00 \u00e0s 15:30 \u2013 Curso Engenharia Agron\u00f4mica https:\/\/conferenciaweb.rnp.br\/webconf\/yuri-de-oliveira-luna-e-almeida 17\/11 19:30 \u00e0s 20:30 \u2013 Curso Gest\u00e3o de Tecnologia da Informa\u00e7\u00e3o https:\/\/conferenciaweb.rnp.br\/webconf\/thiago-santos-souza Ambienta\u00e7\u00e3o ao Moodle Dias 18 e [&hellip;]<\/p>\n","protected":false},"author":100,"featured_media":18016,"comment_status":"open","ping_status":"open","sticky":false,"template":"","format":"standard","meta":[],"categories":[41,64,39,30,24,65],"tags":[],"_links":{"self":[{"href":"https:\/\/www.ifbaiano.edu.br\/unidades\/lapa\/wp-json\/wp\/v2\/posts\/18015"}],"collection":[{"href":"https:\/\/www.ifbaiano.edu.br\/unidades\/lapa\/wp-json\/wp\/v2\/posts"}],"about":[{"href":"https:\/\/www.ifbaiano.edu.br\/unidades\/lapa\/wp-json\/wp\/v2\/types\/post"}],"author":[{"embeddable":true,"href":"https:\/\/www.ifbaiano.edu.br\/unidades\/lapa\/wp-json\/wp\/v2\/users\/100"}],"replies":[{"embeddable":true,"href":"https:\/\/www.ifbaiano.edu.br\/unidades\/lapa\/wp-json\/wp\/v2\/comments?post=18015"}],"version-history":[{"count":3,"href":"https:\/\/www.ifbaiano.edu.br\/unidades\/lapa\/wp-json\/wp\/v2\/posts\/18015\/revisions"}],"predecessor-version":[{"id":18019,"href":"https:\/\/www.ifbaiano.edu.br\/unidades\/lapa\/wp-json\/wp\/v2\/posts\/18015\/revisions\/18019"}],"wp:featuredmedia":[{"embeddable":true,"href":"https:\/\/www.ifbaiano.edu.br\/unidades\/lapa\/wp-json\/wp\/v2\/media\/18016"}],"wp:attachment":[{"href":"https:\/\/www.ifbaiano.edu.br\/unidades\/lapa\/wp-json\/wp\/v2\/media?parent=18015"}],"wp:term":[{"taxonomy":"category","embeddable":true,"href":"https:\/\/www.ifbaiano.edu.br\/unidades\/lapa\/wp-json\/wp\/v2\/categories?post=18015"},{"taxonomy":"post_tag","embeddable":true,"href":"https:\/\/www.ifbaiano.edu.br\/unidades\/lapa\/wp-json\/wp\/v2\/tags?post=18015"}],"curies":[{"name":"wp","href":"https:\/\/api.w.org\/{rel}","templated":true}]}}