{"id":18020,"date":"2020-11-17T11:36:09","date_gmt":"2020-11-17T14:36:09","guid":{"rendered":"https:\/\/www.ifbaiano.edu.br\/unidades\/lapa\/?p=18020"},"modified":"2020-11-17T17:36:43","modified_gmt":"2020-11-17T20:36:43","slug":"campus-lapa-realiza-cerimonia-virtual-de-conclusao-de-curso","status":"publish","type":"post","link":"https:\/\/www.ifbaiano.edu.br\/unidades\/lapa\/2020\/11\/17\/campus-lapa-realiza-cerimonia-virtual-de-conclusao-de-curso\/","title":{"rendered":"Campus Lapa realiza Cerim\u00f4nia Virtual de Conclus\u00e3o de Curso"},"content":{"rendered":"\n<p align=\"justify\">A Equipe da P\u00f3s-gradua\u00e7\u00e3o lato sensu em Educa\u00e7\u00e3o Matem\u00e1tica\/ Campus Bom Jesus da Lapa realizar\u00e1, no dia 17\/11\/2020, \u00e0s 19:30, pelo Canal do YouTube IF Baiano Bom Jesus da Lapa (Link:<a target=\"_blank\" href=\"https:\/\/youtu.be\/P-8kwZrAbG0\" rel=\"noreferrer noopener\">https:\/\/youtu.be\/P-8kwZrAbG0<\/a>), a Cerim\u00f4nia Virtual de Conclus\u00e3o de Curso (Turma 2019.1).<\/p>\n\n\n\n<p><p align=\"justify\">O momento contar\u00e1 com a participa\u00e7\u00e3o especial da Pesquisadora Maria da Concei\u00e7\u00e3o F. R. Fonseca, professora da Faculdade de Educa\u00e7\u00e3o da UFMG, escritora do livro Educa\u00e7\u00e3o Matem\u00e1tica de Jovens e Adultos e Organizadora da bibliografia Letramento no Brasil: habilidades matem\u00e1ticas. Foi coordenadora do Programa de P\u00f3s-gradua\u00e7\u00e3o em Educa\u00e7\u00e3o: Conhecimento e Inclus\u00e3o Social da UFMG (2014-2016). \u00c9 consultora do Indicador Nacional de Alfabetismo Funcional (INAF). Desenvolve trabalhos de ensino, pesquisa e extens\u00e3o nos seguintes campos: Educa\u00e7\u00e3o Matem\u00e1tica, Educa\u00e7\u00e3o de Pessoas Jovens e Adultas, Letramento e Numeramento e Educa\u00e7\u00e3o do Campo.<\/p><\/p>\n\n\n\n<figure class=\"wp-block-embed-youtube wp-block-embed is-type-video is-provider-youtube wp-embed-aspect-16-9 wp-has-aspect-ratio\"><div class=\"wp-block-embed__wrapper\">\n<iframe loading=\"lazy\" title=\"Cerim\u00f4nia Virtual de conclus\u00e3o da 2\u00aa turma da Especializa\u00e7\u00e3o em Educa\u00e7\u00e3o Matem\u00e1tica\" width=\"500\" height=\"281\" src=\"https:\/\/www.youtube.com\/embed\/P-8kwZrAbG0?feature=oembed\" frameborder=\"0\" allow=\"accelerometer; autoplay; clipboard-write; encrypted-media; gyroscope; picture-in-picture\" allowfullscreen><\/iframe>\n<\/div><\/figure>\n","protected":false},"excerpt":{"rendered":"<p>A Equipe da P\u00f3s-gradua\u00e7\u00e3o lato sensu em Educa\u00e7\u00e3o Matem\u00e1tica\/ Campus Bom Jesus da Lapa realizar\u00e1, no dia 17\/11\/2020, \u00e0s 19:30, pelo Canal do YouTube IF Baiano Bom Jesus da Lapa (Link:https:\/\/youtu.be\/P-8kwZrAbG0), a Cerim\u00f4nia Virtual de Conclus\u00e3o de Curso (Turma 2019.1). O momento contar\u00e1 com a participa\u00e7\u00e3o especial da Pesquisadora Maria da Concei\u00e7\u00e3o F. R. Fonseca, [&hellip;]<\/p>\n","protected":false},"author":100,"featured_media":18022,"comment_status":"open","ping_status":"open","sticky":false,"template":"","format":"standard","meta":[],"categories":[64,71,24,65],"tags":[],"_links":{"self":[{"href":"https:\/\/www.ifbaiano.edu.br\/unidades\/lapa\/wp-json\/wp\/v2\/posts\/18020"}],"collection":[{"href":"https:\/\/www.ifbaiano.edu.br\/unidades\/lapa\/wp-json\/wp\/v2\/posts"}],"about":[{"href":"https:\/\/www.ifbaiano.edu.br\/unidades\/lapa\/wp-json\/wp\/v2\/types\/post"}],"author":[{"embeddable":true,"href":"https:\/\/www.ifbaiano.edu.br\/unidades\/lapa\/wp-json\/wp\/v2\/users\/100"}],"replies":[{"embeddable":true,"href":"https:\/\/www.ifbaiano.edu.br\/unidades\/lapa\/wp-json\/wp\/v2\/comments?post=18020"}],"version-history":[{"count":4,"href":"https:\/\/www.ifbaiano.edu.br\/unidades\/lapa\/wp-json\/wp\/v2\/posts\/18020\/revisions"}],"predecessor-version":[{"id":18043,"href":"https:\/\/www.ifbaiano.edu.br\/unidades\/lapa\/wp-json\/wp\/v2\/posts\/18020\/revisions\/18043"}],"wp:featuredmedia":[{"embeddable":true,"href":"https:\/\/www.ifbaiano.edu.br\/unidades\/lapa\/wp-json\/wp\/v2\/media\/18022"}],"wp:attachment":[{"href":"https:\/\/www.ifbaiano.edu.br\/unidades\/lapa\/wp-json\/wp\/v2\/media?parent=18020"}],"wp:term":[{"taxonomy":"category","embeddable":true,"href":"https:\/\/www.ifbaiano.edu.br\/unidades\/lapa\/wp-json\/wp\/v2\/categories?post=18020"},{"taxonomy":"post_tag","embeddable":true,"href":"https:\/\/www.ifbaiano.edu.br\/unidades\/lapa\/wp-json\/wp\/v2\/tags?post=18020"}],"curies":[{"name":"wp","href":"https:\/\/api.w.org\/{rel}","templated":true}]}}