{"id":18026,"date":"2020-12-08T08:54:43","date_gmt":"2020-12-08T11:54:43","guid":{"rendered":"https:\/\/www.ifbaiano.edu.br\/unidades\/lapa\/?p=18026"},"modified":"2021-03-08T14:37:29","modified_gmt":"2021-03-08T17:37:29","slug":"simposio-de-ensino-pesquisa-e-extensao-2020","status":"publish","type":"post","link":"https:\/\/www.ifbaiano.edu.br\/unidades\/lapa\/2020\/12\/08\/simposio-de-ensino-pesquisa-e-extensao-2020\/","title":{"rendered":"Simp\u00f3sio de Ensino, Pesquisa e Extens\u00e3o 2020"},"content":{"rendered":"\n<p align=\"justify\">O IF Baiano &#8211; <em>Campus<\/em> Bom Jesus da Lapa convida todos para participar das atividades do Simp\u00f3sio de Ensino, Pesquisa e Extens\u00e3o 2020. O evento \u00e9 gratuito, ser\u00e1 realizado no formato totalmente virtual, utilizando plataformas de confer\u00eancia e transmiss\u00e3o ao vivo, dentre elas o Youtube. A programa\u00e7\u00e3o completa do evento j\u00e1 est\u00e1 dispon\u00edvel no site: <a href=\"http:\/\/eventos.lapa.ifbaiano.edu.br\/SiEPEx2020\/programacao\" target=\"_blank\" rel=\"noreferrer noopener\">http:\/\/eventos.lapa.ifbaiano.edu.br\/SiEPEx2020\/programacao (site externo, abre em nova aba)<\/a>. Conhe\u00e7a a programa\u00e7\u00e3o do evento e Participe. Haver\u00e1 mesas redondas ligadas \u00e0s \u00e1reas de educa\u00e7\u00e3o, tecnologias e ci\u00eancias agr\u00e1rias. Al\u00e9m disso, o evento disponibilizar\u00e1 um espa\u00e7o para que os participantes possam acompanhar a comunica\u00e7\u00e3o oral de trabalhos de inicia\u00e7\u00e3o cient\u00edfica e tamb\u00e9m minicursos voltados \u00e0 difus\u00e3o de conhecimentos nas \u00e1reas estruturantes do simp\u00f3sio. As inscri\u00e7\u00e3o acontecem no seguinte link: <a href=\"https:\/\/forms.gle\/nfbT5KzSPPMy6mgy9\" target=\"_blank\" rel=\"noreferrer noopener\">Inscri\u00e7\u00f5es (site externo, abre em nova aba)<\/a><\/p>\n","protected":false},"excerpt":{"rendered":"<p>O IF Baiano &#8211; Campus Bom Jesus da Lapa convida todos para participar das atividades do Simp\u00f3sio de Ensino, Pesquisa e Extens\u00e3o 2020. O evento \u00e9 gratuito, ser\u00e1 realizado no formato totalmente virtual, utilizando plataformas de confer\u00eancia e transmiss\u00e3o ao vivo, dentre elas o Youtube. A programa\u00e7\u00e3o completa do evento j\u00e1 est\u00e1 dispon\u00edvel no site: [&hellip;]<\/p>\n","protected":false},"author":100,"featured_media":17295,"comment_status":"open","ping_status":"open","sticky":false,"template":"","format":"standard","meta":[],"categories":[41,64,39,24,40,65],"tags":[],"_links":{"self":[{"href":"https:\/\/www.ifbaiano.edu.br\/unidades\/lapa\/wp-json\/wp\/v2\/posts\/18026"}],"collection":[{"href":"https:\/\/www.ifbaiano.edu.br\/unidades\/lapa\/wp-json\/wp\/v2\/posts"}],"about":[{"href":"https:\/\/www.ifbaiano.edu.br\/unidades\/lapa\/wp-json\/wp\/v2\/types\/post"}],"author":[{"embeddable":true,"href":"https:\/\/www.ifbaiano.edu.br\/unidades\/lapa\/wp-json\/wp\/v2\/users\/100"}],"replies":[{"embeddable":true,"href":"https:\/\/www.ifbaiano.edu.br\/unidades\/lapa\/wp-json\/wp\/v2\/comments?post=18026"}],"version-history":[{"count":4,"href":"https:\/\/www.ifbaiano.edu.br\/unidades\/lapa\/wp-json\/wp\/v2\/posts\/18026\/revisions"}],"predecessor-version":[{"id":18035,"href":"https:\/\/www.ifbaiano.edu.br\/unidades\/lapa\/wp-json\/wp\/v2\/posts\/18026\/revisions\/18035"}],"wp:featuredmedia":[{"embeddable":true,"href":"https:\/\/www.ifbaiano.edu.br\/unidades\/lapa\/wp-json\/wp\/v2\/media\/17295"}],"wp:attachment":[{"href":"https:\/\/www.ifbaiano.edu.br\/unidades\/lapa\/wp-json\/wp\/v2\/media?parent=18026"}],"wp:term":[{"taxonomy":"category","embeddable":true,"href":"https:\/\/www.ifbaiano.edu.br\/unidades\/lapa\/wp-json\/wp\/v2\/categories?post=18026"},{"taxonomy":"post_tag","embeddable":true,"href":"https:\/\/www.ifbaiano.edu.br\/unidades\/lapa\/wp-json\/wp\/v2\/tags?post=18026"}],"curies":[{"name":"wp","href":"https:\/\/api.w.org\/{rel}","templated":true}]}}