{"id":18038,"date":"2020-11-17T14:13:22","date_gmt":"2020-11-17T17:13:22","guid":{"rendered":"https:\/\/www.ifbaiano.edu.br\/unidades\/lapa\/?p=18038"},"modified":"2020-11-17T14:13:22","modified_gmt":"2020-11-17T17:13:22","slug":"resultado-de-habilitacao-da-licitacao-tomada-de-precos-no-01-2020","status":"publish","type":"post","link":"https:\/\/www.ifbaiano.edu.br\/unidades\/lapa\/2020\/11\/17\/resultado-de-habilitacao-da-licitacao-tomada-de-precos-no-01-2020\/","title":{"rendered":"Resultado de habilita\u00e7\u00e3o da licita\u00e7\u00e3o \u2013 Tomada de Pre\u00e7os n\u00ba 01\/2020"},"content":{"rendered":"\n<p align=\"justify\">A Comiss\u00e3o Especial de Licita\u00e7\u00e3o do IF Baiano <em>Campus<\/em> Bom Jesus da Lapa torna p\u00fablico <strong>a <a href=\"https:\/\/www.ifbaiano.edu.br\/unidades\/lapa\/files\/2020\/11\/ATA_DA_SESSAO.pdf\" target=\"_blank\" rel=\"noreferrer noopener\">ata de julgamento da habilita\u00e7\u00e3o dos licitantes (documento pdf, abre em nova aba)<\/a><\/strong> e o <strong><a href=\"https:\/\/www.ifbaiano.edu.br\/unidades\/lapa\/files\/2020\/11\/RESULTADO_DE_HABILITACAO.pdf\" target=\"_blank\" rel=\"noreferrer noopener\">extrato da publica\u00e7\u00e3o no DOU (documento pdf, abre em nova aba)<\/a><\/strong> que diz respeito \u00e0 Tomada de Pre\u00e7os 01\/2020, para a Contrata\u00e7\u00e3o de empresa para a execu\u00e7\u00e3o de projeto de preven\u00e7\u00e3o e combate contra inc\u00eancio e controle de p\u00e2nico, referente \u00e0 adequa\u00e7\u00e3o das instala\u00e7\u00f5es do Instituto Federal Baiano \u2013 <em>Campus<\/em> Bom Jesus da Lapa.<\/p>\n\n\n\n<p align=\"justify\">Os interessados podem interpor recursos, pertinentes a essa fase, no prazo de cinco dias \u00fateis, a contar da data da efetiva publica\u00e7\u00e3o do extrato deste julgamento.<\/p>\n","protected":false},"excerpt":{"rendered":"<p>A Comiss\u00e3o Especial de Licita\u00e7\u00e3o do IF Baiano Campus Bom Jesus da Lapa torna p\u00fablico a ata de julgamento da habilita\u00e7\u00e3o dos licitantes (documento pdf, abre em nova aba) e o extrato da publica\u00e7\u00e3o no DOU (documento pdf, abre em nova aba) que diz respeito \u00e0 Tomada de Pre\u00e7os 01\/2020, para a Contrata\u00e7\u00e3o de empresa [&hellip;]<\/p>\n","protected":false},"author":100,"featured_media":0,"comment_status":"open","ping_status":"open","sticky":false,"template":"","format":"standard","meta":[],"categories":[64,26,24,103,65],"tags":[],"_links":{"self":[{"href":"https:\/\/www.ifbaiano.edu.br\/unidades\/lapa\/wp-json\/wp\/v2\/posts\/18038"}],"collection":[{"href":"https:\/\/www.ifbaiano.edu.br\/unidades\/lapa\/wp-json\/wp\/v2\/posts"}],"about":[{"href":"https:\/\/www.ifbaiano.edu.br\/unidades\/lapa\/wp-json\/wp\/v2\/types\/post"}],"author":[{"embeddable":true,"href":"https:\/\/www.ifbaiano.edu.br\/unidades\/lapa\/wp-json\/wp\/v2\/users\/100"}],"replies":[{"embeddable":true,"href":"https:\/\/www.ifbaiano.edu.br\/unidades\/lapa\/wp-json\/wp\/v2\/comments?post=18038"}],"version-history":[{"count":3,"href":"https:\/\/www.ifbaiano.edu.br\/unidades\/lapa\/wp-json\/wp\/v2\/posts\/18038\/revisions"}],"predecessor-version":[{"id":18041,"href":"https:\/\/www.ifbaiano.edu.br\/unidades\/lapa\/wp-json\/wp\/v2\/posts\/18038\/revisions\/18041"}],"wp:attachment":[{"href":"https:\/\/www.ifbaiano.edu.br\/unidades\/lapa\/wp-json\/wp\/v2\/media?parent=18038"}],"wp:term":[{"taxonomy":"category","embeddable":true,"href":"https:\/\/www.ifbaiano.edu.br\/unidades\/lapa\/wp-json\/wp\/v2\/categories?post=18038"},{"taxonomy":"post_tag","embeddable":true,"href":"https:\/\/www.ifbaiano.edu.br\/unidades\/lapa\/wp-json\/wp\/v2\/tags?post=18038"}],"curies":[{"name":"wp","href":"https:\/\/api.w.org\/{rel}","templated":true}]}}