{"id":18044,"date":"2020-11-18T15:12:41","date_gmt":"2020-11-18T18:12:41","guid":{"rendered":"https:\/\/www.ifbaiano.edu.br\/unidades\/lapa\/?p=18044"},"modified":"2020-11-18T15:25:52","modified_gmt":"2020-11-18T18:25:52","slug":"turbante-cultura-e-resistencia","status":"publish","type":"post","link":"https:\/\/www.ifbaiano.edu.br\/unidades\/lapa\/2020\/11\/18\/turbante-cultura-e-resistencia\/","title":{"rendered":"Turbante: Cultura e Resist\u00eancia"},"content":{"rendered":"\n<p align=\"justify\">Convidamos a todas e a todos para o evento \u201cTurbante: Cultura e Resist\u00eancia\u201d, que acontecer\u00e1 no dia 19 de novembro de 2020 as 19:00 horas. O evento realizado pelo NEABI abre as discuss\u00f5es do Novembro Negro em nosso Instituto. O Campus Lapa transmitir\u00e1 o evento atrav\u00e9s do Canal no Campus Lapa no Youtube: <a rel=\"noreferrer noopener\" target=\"_blank\" href=\"https:\/\/www.youtube.com\/channel\/UCg1LluhGm1a1v0apasCNWkg\">https:\/\/www.youtube.com\/channel\/UCg1LluhGm1a1v0apasCNWkg<\/a><\/p>\n\n\n\n<p>Mediadora:<\/p>\n\n\n\n<p align=\"justify\">Cl\u00e9lia Gomes, Professora do IF Baiano Campus Lapa, Especialista em Pr\u00e1ticas docentes Interdisciplinares pela UNEB, Mestre em Letras, Educa\u00e7\u00e3o e Linguagens pela UESB.<\/p>\n\n\n\n<p>Convidadas:<\/p>\n\n\n\n<p align=\"justify\">Deidiane Alves Silva, Graduada em Pedagogia pelo Uesb, Graduanda em SERVI\u00c7O Social pela Unopar, P\u00f3s- graduanda em Educa\u00e7\u00e3o e Diversidade \u00c9tnico- Cultural \/ Uesb, Cordenadora do Coletivo Afro: e a\u00ed vamos dialogar?.Apresentadora do Programa AFRORAP: a voz do povo negro..(r\u00e1dio comunit\u00e1ria vida nova FM-104,9).<\/p>\n\n\n\n<p align=\"justify\">Mariana de Jesus Lima, Pedagoga, Especialista em Leitura e Produ\u00e7\u00e3o textual aplicados a Educa\u00e7\u00e3o de Jovens e Adultos-IFBA. P\u00f3s-graduanda em Educa\u00e7\u00e3o e Diversidade \u00c9tnico-cultural-UESB. Aluna Especial do Mestrado em Educa\u00e7\u00e3o(Educa\u00e7\u00e3o,Diferen\u00e7a e Subjetividade).Fundadora do Coletivo Afro: e a\u00ed vamos dialogar?.Apresentadora do Programa AFRORAP: a voz do povo negro..(r\u00e1dio comunit\u00e1ria vida nova FM-104,9).<\/p>\n\n\n\n<p align=\"justify\">Participa\u00e7\u00e3o especial: N\u00e3o desiste, negra, n\u00e3o desiste!(Texto de Mel Duarte)<\/p>\n\n\n\n<p align=\"justify\">BlackJhessy, T\u00e9cnica em Agroecologia, criadora de conte\u00fado digital, atriz e graduanda em B.I em artes na UFBA.<\/p>\n\n\n\n<figure class=\"wp-block-embed-youtube wp-block-embed is-type-video is-provider-youtube wp-embed-aspect-16-9 wp-has-aspect-ratio\"><div class=\"wp-block-embed__wrapper\">\n<iframe loading=\"lazy\" title=\"Turbante: Cultura e Resist\u00eancia\" width=\"500\" height=\"281\" src=\"https:\/\/www.youtube.com\/embed\/mUzkaElzwkQ?feature=oembed\" frameborder=\"0\" allow=\"accelerometer; autoplay; clipboard-write; encrypted-media; gyroscope; picture-in-picture\" allowfullscreen><\/iframe>\n<\/div><\/figure>\n","protected":false},"excerpt":{"rendered":"<p>Convidamos a todas e a todos para o evento \u201cTurbante: Cultura e Resist\u00eancia\u201d, que acontecer\u00e1 no dia 19 de novembro de 2020 as 19:00 horas. O evento realizado pelo NEABI abre as discuss\u00f5es do Novembro Negro em nosso Instituto. O Campus Lapa transmitir\u00e1 o evento atrav\u00e9s do Canal no Campus Lapa no Youtube: https:\/\/www.youtube.com\/channel\/UCg1LluhGm1a1v0apasCNWkg Mediadora: [&hellip;]<\/p>\n","protected":false},"author":100,"featured_media":18046,"comment_status":"open","ping_status":"open","sticky":false,"template":"","format":"standard","meta":[],"categories":[64],"tags":[],"_links":{"self":[{"href":"https:\/\/www.ifbaiano.edu.br\/unidades\/lapa\/wp-json\/wp\/v2\/posts\/18044"}],"collection":[{"href":"https:\/\/www.ifbaiano.edu.br\/unidades\/lapa\/wp-json\/wp\/v2\/posts"}],"about":[{"href":"https:\/\/www.ifbaiano.edu.br\/unidades\/lapa\/wp-json\/wp\/v2\/types\/post"}],"author":[{"embeddable":true,"href":"https:\/\/www.ifbaiano.edu.br\/unidades\/lapa\/wp-json\/wp\/v2\/users\/100"}],"replies":[{"embeddable":true,"href":"https:\/\/www.ifbaiano.edu.br\/unidades\/lapa\/wp-json\/wp\/v2\/comments?post=18044"}],"version-history":[{"count":5,"href":"https:\/\/www.ifbaiano.edu.br\/unidades\/lapa\/wp-json\/wp\/v2\/posts\/18044\/revisions"}],"predecessor-version":[{"id":18049,"href":"https:\/\/www.ifbaiano.edu.br\/unidades\/lapa\/wp-json\/wp\/v2\/posts\/18044\/revisions\/18049"}],"wp:featuredmedia":[{"embeddable":true,"href":"https:\/\/www.ifbaiano.edu.br\/unidades\/lapa\/wp-json\/wp\/v2\/media\/18046"}],"wp:attachment":[{"href":"https:\/\/www.ifbaiano.edu.br\/unidades\/lapa\/wp-json\/wp\/v2\/media?parent=18044"}],"wp:term":[{"taxonomy":"category","embeddable":true,"href":"https:\/\/www.ifbaiano.edu.br\/unidades\/lapa\/wp-json\/wp\/v2\/categories?post=18044"},{"taxonomy":"post_tag","embeddable":true,"href":"https:\/\/www.ifbaiano.edu.br\/unidades\/lapa\/wp-json\/wp\/v2\/tags?post=18044"}],"curies":[{"name":"wp","href":"https:\/\/api.w.org\/{rel}","templated":true}]}}