{"id":18070,"date":"2020-11-19T14:11:20","date_gmt":"2020-11-19T17:11:20","guid":{"rendered":"https:\/\/www.ifbaiano.edu.br\/unidades\/lapa\/?p=18070"},"modified":"2020-11-19T14:40:32","modified_gmt":"2020-11-19T17:40:32","slug":"cafe-com-consciencia-zumbizando-resistir-para-existir","status":"publish","type":"post","link":"https:\/\/www.ifbaiano.edu.br\/unidades\/lapa\/2020\/11\/19\/cafe-com-consciencia-zumbizando-resistir-para-existir\/","title":{"rendered":"Caf\u00e9 com Consci\u00eancia: &#8220;Zumbizando: Resistir para Existir&#8221;"},"content":{"rendered":"\n<p align=\"justify\">Convidamos todas e todos para o evento \u201cCaf\u00e9 com Consci\u00eancia\u201d, apresentando o tema &#8220;Zumbizando: Resistir para Existir&#8221; que acontecer\u00e1 no dia 20 de novembro de 2020 as 09:00 horas. O evento realizado pelo NEABI (N\u00facleo de Estudos Afro-brasileiros e Ind\u00edgenas) celebra o dia da Consci\u00eancia Negra (20 de Novembro) em nosso Instituto. O Campus Lapa transmitir\u00e1 o evento atrav\u00e9s do Canal do Campus Lapa no Youtube: <a rel=\"noreferrer noopener\" target=\"_blank\" href=\"https:\/\/www.youtube.com\/channel\/UCg1LluhGm1a1v0apasCNWkg\">https:\/\/www.youtube.com\/channel\/UCg1LluhGm1a1v0apasCNWkg<\/a><\/p>\n\n\n\n<p align=\"justify\">Mediador: \u00c9rico da Silva Fran\u00e7a, Mestre em Cr\u00edtica Cultural pela UNEB (Universidade do Estado da Bahia), Graduado em Licenciatura em Hist\u00f3ria pela UNEB, Professor de Hist\u00f3ria do Instituto Federal Baiano, Campus Bom Jesus da Lapa.<\/p>\n\n\n\n<p align=\"justify\">Convidada: Eliete Freitas da Rocha, Mestranda em Ensino, Linguagem e Sociedade &#8211; PPGELS (Programa de P\u00f3s-Gradua\u00e7\u00e3o em Ensino, Linguagem e Sociedade) &#8211; UNEB; Lideran\u00e7a quilombola; Membro do F\u00f3rum Permanente de Educa\u00e7\u00e3o Escolar Quilombola do Estado da Bahia e do Conselho Municipal de Educa\u00e7\u00e3o de Ibiassuc\u00ea-Bahia.<\/p>\n\n\n\n<p align=\"justify\">Convidada: Alideia Oliveira Rodrigues, Mestranda em Ensino, Linguagem e Sociedade &#8211; PPGELS &#8211; UNEB &#8211; Professora da Secretaria de educa\u00e7\u00e3o da Bahia<\/p>\n\n\n\n<figure class=\"wp-block-embed-youtube wp-block-embed is-type-video is-provider-youtube wp-embed-aspect-16-9 wp-has-aspect-ratio\"><div class=\"wp-block-embed__wrapper\">\n<iframe loading=\"lazy\" title=\"Caf\u00e9 com Consci\u00eancia: \u201cZumbizando: Resistir para Existir\u201d\" width=\"500\" height=\"281\" src=\"https:\/\/www.youtube.com\/embed\/JUWjouvocCs?feature=oembed\" frameborder=\"0\" allow=\"accelerometer; autoplay; clipboard-write; encrypted-media; gyroscope; picture-in-picture\" allowfullscreen><\/iframe>\n<\/div><\/figure>\n","protected":false},"excerpt":{"rendered":"<p>Convidamos todas e todos para o evento \u201cCaf\u00e9 com Consci\u00eancia\u201d, apresentando o tema &#8220;Zumbizando: Resistir para Existir&#8221; que acontecer\u00e1 no dia 20 de novembro de 2020 as 09:00 horas. O evento realizado pelo NEABI (N\u00facleo de Estudos Afro-brasileiros e Ind\u00edgenas) celebra o dia da Consci\u00eancia Negra (20 de Novembro) em nosso Instituto. O Campus Lapa [&hellip;]<\/p>\n","protected":false},"author":100,"featured_media":18071,"comment_status":"open","ping_status":"open","sticky":false,"template":"","format":"standard","meta":[],"categories":[64,24,65],"tags":[],"_links":{"self":[{"href":"https:\/\/www.ifbaiano.edu.br\/unidades\/lapa\/wp-json\/wp\/v2\/posts\/18070"}],"collection":[{"href":"https:\/\/www.ifbaiano.edu.br\/unidades\/lapa\/wp-json\/wp\/v2\/posts"}],"about":[{"href":"https:\/\/www.ifbaiano.edu.br\/unidades\/lapa\/wp-json\/wp\/v2\/types\/post"}],"author":[{"embeddable":true,"href":"https:\/\/www.ifbaiano.edu.br\/unidades\/lapa\/wp-json\/wp\/v2\/users\/100"}],"replies":[{"embeddable":true,"href":"https:\/\/www.ifbaiano.edu.br\/unidades\/lapa\/wp-json\/wp\/v2\/comments?post=18070"}],"version-history":[{"count":2,"href":"https:\/\/www.ifbaiano.edu.br\/unidades\/lapa\/wp-json\/wp\/v2\/posts\/18070\/revisions"}],"predecessor-version":[{"id":18073,"href":"https:\/\/www.ifbaiano.edu.br\/unidades\/lapa\/wp-json\/wp\/v2\/posts\/18070\/revisions\/18073"}],"wp:featuredmedia":[{"embeddable":true,"href":"https:\/\/www.ifbaiano.edu.br\/unidades\/lapa\/wp-json\/wp\/v2\/media\/18071"}],"wp:attachment":[{"href":"https:\/\/www.ifbaiano.edu.br\/unidades\/lapa\/wp-json\/wp\/v2\/media?parent=18070"}],"wp:term":[{"taxonomy":"category","embeddable":true,"href":"https:\/\/www.ifbaiano.edu.br\/unidades\/lapa\/wp-json\/wp\/v2\/categories?post=18070"},{"taxonomy":"post_tag","embeddable":true,"href":"https:\/\/www.ifbaiano.edu.br\/unidades\/lapa\/wp-json\/wp\/v2\/tags?post=18070"}],"curies":[{"name":"wp","href":"https:\/\/api.w.org\/{rel}","templated":true}]}}