{"id":18151,"date":"2020-11-23T09:02:52","date_gmt":"2020-11-23T12:02:52","guid":{"rendered":"https:\/\/www.ifbaiano.edu.br\/unidades\/lapa\/?p=18151"},"modified":"2020-11-27T11:58:58","modified_gmt":"2020-11-27T14:58:58","slug":"dedin-de-prosa-siepex-2020","status":"publish","type":"post","link":"https:\/\/www.ifbaiano.edu.br\/unidades\/lapa\/2020\/11\/23\/dedin-de-prosa-siepex-2020\/","title":{"rendered":"Dedin de Prosa &#8211; SiEPEx 2020"},"content":{"rendered":"\n<p>O d\u00e9cimo segundo epis\u00f3dio da segunda temporada do <em>Podcast<\/em> Dedin de Prosa fala de ci\u00eancia, extens\u00e3o e tecnologia. Apresentado pela professora Eurilene Lucas, o assunto \u00e9 o Simp\u00f3sio de Ensino, Pesquisa e Extens\u00e3o do IF Baiano <em>Campus<\/em> Bom Jesus da Lapa, que ocorrer\u00e1 no per\u00edodo de 09 a 11 de dezembro. O evento tem como objetivo proporcionar aos estudantes, professores, t\u00e9cnicos, pesquisadores, profissionais liberais, produtores rurais e o p\u00fablico em geral, uma discuss\u00e3o atualizada sobre as perspectivas e desafios da educa\u00e7\u00e3o, ci\u00eancia, extens\u00e3o e inova\u00e7\u00e3o em tempos de pandemia.<\/p>\n\n\n\n<p>Clique na imagem para ouvir ou no v\u00eddeo para assistir com interpreta\u00e7\u00e3o em <span style=\"text-transform:uppercase\">Libras<\/span>.<\/p>\n\n\n\n<div class=\"wp-block-columns is-layout-flex wp-container-3\">\n<div class=\"wp-block-column is-layout-flow\">\n<figure class=\"wp-block-image size-large\"><a href=\"https:\/\/anchor.fm\/dedin-de-prosa\/episodes\/Episdio-12---Simpsio-de-Ensino--Pesquisa-e-Extenso-empac2\/a-a2r158p\" target=\"_blank\" rel=\"noopener noreferrer\"><img decoding=\"async\" loading=\"lazy\" width=\"1080\" height=\"1080\" src=\"https:\/\/www.ifbaiano.edu.br\/unidades\/lapa\/files\/2020\/06\/dedin-de-prosa-lapa-itapetinga.png\" alt=\"Dedin de Prosa - SiEPEx 2020\" class=\"wp-image-16271\"><\/a><figcaption>Dedin de Prosa<\/figcaption><\/figure>\n<\/div>\n\n\n\n<div class=\"wp-block-column is-layout-flow\">\n<figure class=\"wp-block-embed-youtube wp-block-embed is-type-video is-provider-youtube wp-embed-aspect-16-9 wp-has-aspect-ratio\"><div class=\"wp-block-embed__wrapper\">\n<iframe loading=\"lazy\" title=\"Dedin de Prosa - SiEPEx 2020\" width=\"500\" height=\"281\" src=\"https:\/\/www.youtube.com\/embed\/jvatf7kuL5k?feature=oembed\" frameborder=\"0\" allow=\"accelerometer; autoplay; clipboard-write; encrypted-media; gyroscope; picture-in-picture\" allowfullscreen><\/iframe>\n<\/div><\/figure>\n<\/div>\n<\/div>\n","protected":false},"excerpt":{"rendered":"<p>O d\u00e9cimo segundo epis\u00f3dio da segunda temporada do Podcast Dedin de Prosa fala de ci\u00eancia, extens\u00e3o e tecnologia. Apresentado pela professora Eurilene Lucas, o assunto \u00e9 o Simp\u00f3sio de Ensino, Pesquisa e Extens\u00e3o do IF Baiano Campus Bom Jesus da Lapa, que ocorrer\u00e1 no per\u00edodo de 09 a 11 de dezembro. O evento tem como [&hellip;]<\/p>\n","protected":false},"author":100,"featured_media":16271,"comment_status":"open","ping_status":"open","sticky":false,"template":"","format":"standard","meta":[],"categories":[64,24,40,65],"tags":[],"_links":{"self":[{"href":"https:\/\/www.ifbaiano.edu.br\/unidades\/lapa\/wp-json\/wp\/v2\/posts\/18151"}],"collection":[{"href":"https:\/\/www.ifbaiano.edu.br\/unidades\/lapa\/wp-json\/wp\/v2\/posts"}],"about":[{"href":"https:\/\/www.ifbaiano.edu.br\/unidades\/lapa\/wp-json\/wp\/v2\/types\/post"}],"author":[{"embeddable":true,"href":"https:\/\/www.ifbaiano.edu.br\/unidades\/lapa\/wp-json\/wp\/v2\/users\/100"}],"replies":[{"embeddable":true,"href":"https:\/\/www.ifbaiano.edu.br\/unidades\/lapa\/wp-json\/wp\/v2\/comments?post=18151"}],"version-history":[{"count":4,"href":"https:\/\/www.ifbaiano.edu.br\/unidades\/lapa\/wp-json\/wp\/v2\/posts\/18151\/revisions"}],"predecessor-version":[{"id":18332,"href":"https:\/\/www.ifbaiano.edu.br\/unidades\/lapa\/wp-json\/wp\/v2\/posts\/18151\/revisions\/18332"}],"wp:featuredmedia":[{"embeddable":true,"href":"https:\/\/www.ifbaiano.edu.br\/unidades\/lapa\/wp-json\/wp\/v2\/media\/16271"}],"wp:attachment":[{"href":"https:\/\/www.ifbaiano.edu.br\/unidades\/lapa\/wp-json\/wp\/v2\/media?parent=18151"}],"wp:term":[{"taxonomy":"category","embeddable":true,"href":"https:\/\/www.ifbaiano.edu.br\/unidades\/lapa\/wp-json\/wp\/v2\/categories?post=18151"},{"taxonomy":"post_tag","embeddable":true,"href":"https:\/\/www.ifbaiano.edu.br\/unidades\/lapa\/wp-json\/wp\/v2\/tags?post=18151"}],"curies":[{"name":"wp","href":"https:\/\/api.w.org\/{rel}","templated":true}]}}