{"id":18159,"date":"2020-11-23T20:13:32","date_gmt":"2020-11-23T23:13:32","guid":{"rendered":"https:\/\/www.ifbaiano.edu.br\/unidades\/lapa\/?p=18159"},"modified":"2020-11-28T17:39:50","modified_gmt":"2020-11-28T20:39:50","slug":"campus-bom-jesus-da-lapa-promove-concurso-de-redacao-em-comemoracao-aos-seus-dez-anos-de-funcionamento","status":"publish","type":"post","link":"https:\/\/www.ifbaiano.edu.br\/unidades\/lapa\/2020\/11\/23\/campus-bom-jesus-da-lapa-promove-concurso-de-redacao-em-comemoracao-aos-seus-dez-anos-de-funcionamento\/","title":{"rendered":"Campus Bom Jesus da Lapa promove concurso de reda\u00e7\u00e3o em comemora\u00e7\u00e3o aos seus dez anos de funcionamento"},"content":{"rendered":"\n<p><p align=\"justify\">Com o objetivo de promover a participa\u00e7\u00e3o dos estudantes e egressos nas atividades comemorativas dos seus 10 (dez) anos de funcionamento e incentivar a produ\u00e7\u00e3o textual,\u00a0 o Campus Bom Jesus da Lapa promove o Concurso de Reda\u00e7\u00e3o com o tema \u201cMinha hist\u00f3ria com o IF Baiano &#8211; Campus Lapa\u201d. Os candidatos poder\u00e3o se inscrever no per\u00edodo de 23 a\u00a030 de novembro\u00a0de 2020, por meio do preenchimento de ficha de inscri\u00e7\u00e3o e envio de seu texto atrav\u00e9s do seguinte link: &lt;<a rel=\"noreferrer noopener\" href=\"https:\/\/forms.gle\/gYemf3ZpwmE15pzTA\" target=\"_blank\">https:\/\/forms.gle\/gYemf3ZpwmE15pzTA<\/a>&gt;. \u00c9 importante que antes de efetuar a inscri\u00e7\u00e3o, os (as) estudantes e egressos (as) leiam atentamente o regulamento, a fim de conhecer os crit\u00e9rios que embasam a produ\u00e7\u00e3o textual e, consequentemente, ser\u00e3o pr\u00e9-requisitos de avalia\u00e7\u00e3o. Ser\u00e3o selecionadas as tr\u00eas melhores produ\u00e7\u00f5es, para premia\u00e7\u00e3o e divulga\u00e7\u00e3o nas redes sociais, conforme datas estabelecidas no cronograma do regulamento. Est\u00e1 esperando o qu\u00ea? Participe e conte como o IF Baiano &#8211; Campus Bom Jesus da Lapa faz parte de sua hist\u00f3ria!<\/p><\/p>\n\n\n\n<div class=\"wp-block-file\"><a href=\"https:\/\/www.ifbaiano.edu.br\/unidades\/lapa\/files\/2020\/11\/REGULAMENTO-CONCURSO-REDACAO-10-anos-IF-LAPA.pdf\" target=\"_blank\" rel=\"noreferrer noopener\">Regulamento do Concurso de Reda\u00e7\u00e3o &#8211; 10 Anos IF Lapa (Documento pdf, abre em nova aba)<\/a><\/div>\n\n\n\n<figure class=\"wp-block-image size-large\"><img decoding=\"async\" loading=\"lazy\" width=\"1080\" height=\"1080\" src=\"https:\/\/www.ifbaiano.edu.br\/unidades\/lapa\/files\/2020\/11\/card-concurso-redacao-10-anos-campus-lapa.png\" alt=\"\" class=\"wp-image-18165\" \/><\/figure>\n","protected":false},"excerpt":{"rendered":"<p>Com o objetivo de promover a participa\u00e7\u00e3o dos estudantes e egressos nas atividades comemorativas dos seus 10 (dez) anos de funcionamento e incentivar a produ\u00e7\u00e3o textual,\u00a0 o Campus Bom Jesus da Lapa promove o Concurso de Reda\u00e7\u00e3o com o tema \u201cMinha hist\u00f3ria com o IF Baiano &#8211; Campus Lapa\u201d. Os candidatos poder\u00e3o se inscrever no [&hellip;]<\/p>\n","protected":false},"author":58,"featured_media":18165,"comment_status":"open","ping_status":"open","sticky":false,"template":"","format":"standard","meta":[],"categories":[64,24,65],"tags":[],"_links":{"self":[{"href":"https:\/\/www.ifbaiano.edu.br\/unidades\/lapa\/wp-json\/wp\/v2\/posts\/18159"}],"collection":[{"href":"https:\/\/www.ifbaiano.edu.br\/unidades\/lapa\/wp-json\/wp\/v2\/posts"}],"about":[{"href":"https:\/\/www.ifbaiano.edu.br\/unidades\/lapa\/wp-json\/wp\/v2\/types\/post"}],"author":[{"embeddable":true,"href":"https:\/\/www.ifbaiano.edu.br\/unidades\/lapa\/wp-json\/wp\/v2\/users\/58"}],"replies":[{"embeddable":true,"href":"https:\/\/www.ifbaiano.edu.br\/unidades\/lapa\/wp-json\/wp\/v2\/comments?post=18159"}],"version-history":[{"count":5,"href":"https:\/\/www.ifbaiano.edu.br\/unidades\/lapa\/wp-json\/wp\/v2\/posts\/18159\/revisions"}],"predecessor-version":[{"id":18388,"href":"https:\/\/www.ifbaiano.edu.br\/unidades\/lapa\/wp-json\/wp\/v2\/posts\/18159\/revisions\/18388"}],"wp:featuredmedia":[{"embeddable":true,"href":"https:\/\/www.ifbaiano.edu.br\/unidades\/lapa\/wp-json\/wp\/v2\/media\/18165"}],"wp:attachment":[{"href":"https:\/\/www.ifbaiano.edu.br\/unidades\/lapa\/wp-json\/wp\/v2\/media?parent=18159"}],"wp:term":[{"taxonomy":"category","embeddable":true,"href":"https:\/\/www.ifbaiano.edu.br\/unidades\/lapa\/wp-json\/wp\/v2\/categories?post=18159"},{"taxonomy":"post_tag","embeddable":true,"href":"https:\/\/www.ifbaiano.edu.br\/unidades\/lapa\/wp-json\/wp\/v2\/tags?post=18159"}],"curies":[{"name":"wp","href":"https:\/\/api.w.org\/{rel}","templated":true}]}}