{"id":18183,"date":"2020-11-24T15:42:48","date_gmt":"2020-11-24T18:42:48","guid":{"rendered":"https:\/\/www.ifbaiano.edu.br\/unidades\/lapa\/?p=18183"},"modified":"2020-11-24T15:49:50","modified_gmt":"2020-11-24T18:49:50","slug":"agro-online-promove-palestra-sobre-agricultura-de-precisao","status":"publish","type":"post","link":"https:\/\/www.ifbaiano.edu.br\/unidades\/lapa\/2020\/11\/24\/agro-online-promove-palestra-sobre-agricultura-de-precisao\/","title":{"rendered":"Agro Online promove palestra sobre Agricultura de precis\u00e3o"},"content":{"rendered":"\n<p align=\"justify\">Projeto Agro Online promove terceira palestra, com o tema Agricultura de Precis\u00e3o no Oeste da Bahia.<\/p>\n\n\n\n<p align=\"justify\">A transmiss\u00e3o ser\u00e1 realizada do Youtube do IF Baiano &#8211; <em>Campus<\/em> Bom Jesus da Lapa, \u00e1s 09 horas, do dia 25 de novembro. O evento ser\u00e1 certificado.<\/p>\n\n\n\n<figure class=\"wp-block-embed-youtube wp-block-embed is-type-video is-provider-youtube wp-embed-aspect-16-9 wp-has-aspect-ratio\"><div class=\"wp-block-embed__wrapper\">\n<iframe loading=\"lazy\" title=\"Agro Online: Ciclo de Di\u00e1logos em Agricultura - 25\/11\/2020\" width=\"500\" height=\"281\" src=\"https:\/\/www.youtube.com\/embed\/m8tR2xDyeGw?feature=oembed\" frameborder=\"0\" allow=\"accelerometer; autoplay; clipboard-write; encrypted-media; gyroscope; picture-in-picture\" allowfullscreen><\/iframe>\n<\/div><\/figure>\n","protected":false},"excerpt":{"rendered":"<p>Projeto Agro Online promove terceira palestra, com o tema Agricultura de Precis\u00e3o no Oeste da Bahia. A transmiss\u00e3o ser\u00e1 realizada do Youtube do IF Baiano &#8211; Campus Bom Jesus da Lapa, \u00e1s 09 horas, do dia 25 de novembro. O evento ser\u00e1 certificado.<\/p>\n","protected":false},"author":100,"featured_media":18184,"comment_status":"open","ping_status":"open","sticky":false,"template":"","format":"standard","meta":[],"categories":[64,24,40,70,65],"tags":[],"_links":{"self":[{"href":"https:\/\/www.ifbaiano.edu.br\/unidades\/lapa\/wp-json\/wp\/v2\/posts\/18183"}],"collection":[{"href":"https:\/\/www.ifbaiano.edu.br\/unidades\/lapa\/wp-json\/wp\/v2\/posts"}],"about":[{"href":"https:\/\/www.ifbaiano.edu.br\/unidades\/lapa\/wp-json\/wp\/v2\/types\/post"}],"author":[{"embeddable":true,"href":"https:\/\/www.ifbaiano.edu.br\/unidades\/lapa\/wp-json\/wp\/v2\/users\/100"}],"replies":[{"embeddable":true,"href":"https:\/\/www.ifbaiano.edu.br\/unidades\/lapa\/wp-json\/wp\/v2\/comments?post=18183"}],"version-history":[{"count":3,"href":"https:\/\/www.ifbaiano.edu.br\/unidades\/lapa\/wp-json\/wp\/v2\/posts\/18183\/revisions"}],"predecessor-version":[{"id":18187,"href":"https:\/\/www.ifbaiano.edu.br\/unidades\/lapa\/wp-json\/wp\/v2\/posts\/18183\/revisions\/18187"}],"wp:featuredmedia":[{"embeddable":true,"href":"https:\/\/www.ifbaiano.edu.br\/unidades\/lapa\/wp-json\/wp\/v2\/media\/18184"}],"wp:attachment":[{"href":"https:\/\/www.ifbaiano.edu.br\/unidades\/lapa\/wp-json\/wp\/v2\/media?parent=18183"}],"wp:term":[{"taxonomy":"category","embeddable":true,"href":"https:\/\/www.ifbaiano.edu.br\/unidades\/lapa\/wp-json\/wp\/v2\/categories?post=18183"},{"taxonomy":"post_tag","embeddable":true,"href":"https:\/\/www.ifbaiano.edu.br\/unidades\/lapa\/wp-json\/wp\/v2\/tags?post=18183"}],"curies":[{"name":"wp","href":"https:\/\/api.w.org\/{rel}","templated":true}]}}