{"id":18188,"date":"2020-11-24T16:47:55","date_gmt":"2020-11-24T19:47:55","guid":{"rendered":"https:\/\/www.ifbaiano.edu.br\/unidades\/lapa\/?p=18188"},"modified":"2020-11-24T17:54:56","modified_gmt":"2020-11-24T20:54:56","slug":"retificacao-2-do-edital-de-selecao-do-auxilio-inclusao-digital","status":"publish","type":"post","link":"https:\/\/www.ifbaiano.edu.br\/unidades\/lapa\/2020\/11\/24\/retificacao-2-do-edital-de-selecao-do-auxilio-inclusao-digital\/","title":{"rendered":"Retifica\u00e7\u00e3o 2 do Edital de Sele\u00e7\u00e3o do Aux\u00edlio Inclus\u00e3o Digital"},"content":{"rendered":"\n<p align=\"justify\">O Diretor-Geral do <em>Campus<\/em> Bom Jesus da Lapa torna p\u00fablico o Edital de Retifica\u00e7\u00e3o n\u00ba 24\/2020, de 24 de novembro de 2020, que retifica Edital 18\/2020 referente \u00e0 sele\u00e7\u00e3o de estudantes ao Aux\u00edlio Inclus\u00e3o Digital.<\/p>\n\n\n\n<div class=\"wp-block-file\"><a href=\"https:\/\/www.ifbaiano.edu.br\/unidades\/lapa\/files\/2020\/11\/Edital-24-2020.pdf\" target=\"_blank\" rel=\"noreferrer noopener\">Edital n\u00ba 24\/2020, retifica Edital 18\/2020 &#8211; Sele\u00e7\u00e3o de estudantes ao Aux\u00edlio Inclus\u00e3o Digital (Documento pdf, abre em nova aba)<\/a><\/div>\n","protected":false},"excerpt":{"rendered":"<p>Retifica\u00e7\u00e3o do Edital 18\/2020 referente \u00e0 sele\u00e7\u00e3o de estudantes ao Aux\u00edlio Inclus\u00e3o Digital.<\/p>\n","protected":false},"author":100,"featured_media":18163,"comment_status":"open","ping_status":"open","sticky":false,"template":"","format":"standard","meta":[],"categories":[25,32,64,24,65],"tags":[],"_links":{"self":[{"href":"https:\/\/www.ifbaiano.edu.br\/unidades\/lapa\/wp-json\/wp\/v2\/posts\/18188"}],"collection":[{"href":"https:\/\/www.ifbaiano.edu.br\/unidades\/lapa\/wp-json\/wp\/v2\/posts"}],"about":[{"href":"https:\/\/www.ifbaiano.edu.br\/unidades\/lapa\/wp-json\/wp\/v2\/types\/post"}],"author":[{"embeddable":true,"href":"https:\/\/www.ifbaiano.edu.br\/unidades\/lapa\/wp-json\/wp\/v2\/users\/100"}],"replies":[{"embeddable":true,"href":"https:\/\/www.ifbaiano.edu.br\/unidades\/lapa\/wp-json\/wp\/v2\/comments?post=18188"}],"version-history":[{"count":5,"href":"https:\/\/www.ifbaiano.edu.br\/unidades\/lapa\/wp-json\/wp\/v2\/posts\/18188\/revisions"}],"predecessor-version":[{"id":18205,"href":"https:\/\/www.ifbaiano.edu.br\/unidades\/lapa\/wp-json\/wp\/v2\/posts\/18188\/revisions\/18205"}],"wp:featuredmedia":[{"embeddable":true,"href":"https:\/\/www.ifbaiano.edu.br\/unidades\/lapa\/wp-json\/wp\/v2\/media\/18163"}],"wp:attachment":[{"href":"https:\/\/www.ifbaiano.edu.br\/unidades\/lapa\/wp-json\/wp\/v2\/media?parent=18188"}],"wp:term":[{"taxonomy":"category","embeddable":true,"href":"https:\/\/www.ifbaiano.edu.br\/unidades\/lapa\/wp-json\/wp\/v2\/categories?post=18188"},{"taxonomy":"post_tag","embeddable":true,"href":"https:\/\/www.ifbaiano.edu.br\/unidades\/lapa\/wp-json\/wp\/v2\/tags?post=18188"}],"curies":[{"name":"wp","href":"https:\/\/api.w.org\/{rel}","templated":true}]}}