{"id":18194,"date":"2020-11-24T16:43:41","date_gmt":"2020-11-24T19:43:41","guid":{"rendered":"https:\/\/www.ifbaiano.edu.br\/unidades\/lapa\/?p=18194"},"modified":"2020-11-24T17:51:24","modified_gmt":"2020-11-24T20:51:24","slug":"resultado-preliminar-auxilio-inclusao-digital","status":"publish","type":"post","link":"https:\/\/www.ifbaiano.edu.br\/unidades\/lapa\/2020\/11\/24\/resultado-preliminar-auxilio-inclusao-digital\/","title":{"rendered":"Resultado Preliminar &#8211;  Aux\u00edlio Inclus\u00e3o Digital"},"content":{"rendered":"\n<p><p align=\"justify\">A Comiss\u00e3o Local de Assist\u00eancia Estudantil torna p\u00fablico o Resultado Preliminar da sele\u00e7\u00e3o de estudantes ao Aux\u00edlio Inclus\u00e3o Digital, conforme Edital 18\/2020<\/p><\/p>\n\n\n\n<div class=\"wp-block-file\"><a href=\"https:\/\/www.ifbaiano.edu.br\/unidades\/lapa\/files\/2020\/11\/Resultado-Preliminar-Auxilio-Inclusao-Digital.pdf\" target=\"_blank\" rel=\"noreferrer noopener\">Resultado Preliminar &#8211;  Aux\u00edlio Inclus\u00e3o Digital (Documento em pdf, abre em nova aba)<\/a><\/div>\n","protected":false},"excerpt":{"rendered":"<p>A Comiss\u00e3o Local de Assist\u00eancia Estudantil torna p\u00fablico o Resultado Preliminar da sele\u00e7\u00e3o de estudantes ao Aux\u00edlio Inclus\u00e3o Digital, conforme Edital 18\/2020<\/p>\n","protected":false},"author":100,"featured_media":18163,"comment_status":"open","ping_status":"open","sticky":false,"template":"","format":"standard","meta":[],"categories":[32,34,64,30,24,65],"tags":[],"_links":{"self":[{"href":"https:\/\/www.ifbaiano.edu.br\/unidades\/lapa\/wp-json\/wp\/v2\/posts\/18194"}],"collection":[{"href":"https:\/\/www.ifbaiano.edu.br\/unidades\/lapa\/wp-json\/wp\/v2\/posts"}],"about":[{"href":"https:\/\/www.ifbaiano.edu.br\/unidades\/lapa\/wp-json\/wp\/v2\/types\/post"}],"author":[{"embeddable":true,"href":"https:\/\/www.ifbaiano.edu.br\/unidades\/lapa\/wp-json\/wp\/v2\/users\/100"}],"replies":[{"embeddable":true,"href":"https:\/\/www.ifbaiano.edu.br\/unidades\/lapa\/wp-json\/wp\/v2\/comments?post=18194"}],"version-history":[{"count":3,"href":"https:\/\/www.ifbaiano.edu.br\/unidades\/lapa\/wp-json\/wp\/v2\/posts\/18194\/revisions"}],"predecessor-version":[{"id":18206,"href":"https:\/\/www.ifbaiano.edu.br\/unidades\/lapa\/wp-json\/wp\/v2\/posts\/18194\/revisions\/18206"}],"wp:featuredmedia":[{"embeddable":true,"href":"https:\/\/www.ifbaiano.edu.br\/unidades\/lapa\/wp-json\/wp\/v2\/media\/18163"}],"wp:attachment":[{"href":"https:\/\/www.ifbaiano.edu.br\/unidades\/lapa\/wp-json\/wp\/v2\/media?parent=18194"}],"wp:term":[{"taxonomy":"category","embeddable":true,"href":"https:\/\/www.ifbaiano.edu.br\/unidades\/lapa\/wp-json\/wp\/v2\/categories?post=18194"},{"taxonomy":"post_tag","embeddable":true,"href":"https:\/\/www.ifbaiano.edu.br\/unidades\/lapa\/wp-json\/wp\/v2\/tags?post=18194"}],"curies":[{"name":"wp","href":"https:\/\/api.w.org\/{rel}","templated":true}]}}