{"id":18319,"date":"2020-11-27T09:04:46","date_gmt":"2020-11-27T12:04:46","guid":{"rendered":"https:\/\/www.ifbaiano.edu.br\/unidades\/lapa\/?p=18319"},"modified":"2020-12-01T09:28:16","modified_gmt":"2020-12-01T12:28:16","slug":"ata-da-sessao-tomada-de-precos-no-01-2020","status":"publish","type":"post","link":"https:\/\/www.ifbaiano.edu.br\/unidades\/lapa\/2020\/11\/27\/ata-da-sessao-tomada-de-precos-no-01-2020\/","title":{"rendered":"Ata da Sess\u00e3o \u2013 Tomada de Pre\u00e7os n\u00ba 01\/2020"},"content":{"rendered":"\n<p align=\"justify\">Comiss\u00e3o Especial de Licita\u00e7\u00e3o do IF Baiano <em>Campus<\/em> Bom Jesus da Lapa torna p\u00fablico a ata de abertura de proposta  dos licitantes que diz respeito \u00e0 Tomada de Pre\u00e7os 01\/2020, para a <span style=\"text-transform: uppercase\">Contrata\u00e7\u00e3o de Empresa para a execu\u00e7\u00e3o do Projeto de Preven\u00e7\u00e3o e Combate contra Inc\u00eancio e Controle de P\u00e2nico, Referetne \u00e0 adequa\u00e7\u00e3o das instala\u00e7\u00f5es do Instituto Federal Baiano \u2013 <em>Campus<\/em> Bom Jesus da Lapa<\/span>.<\/p>\n\n\n\n<div class=\"wp-block-file\"><a href=\"https:\/\/www.ifbaiano.edu.br\/unidades\/lapa\/files\/2020\/11\/ata-tomada-preco-01-2020.pdf\" target=\"_blank\" rel=\"noreferrer noopener\">Ata Tomada de Pre\u00e7o 01\/2020 (Documento pdf, abre em nova aba)<\/a><\/div>\n","protected":false},"excerpt":{"rendered":"<p>Comiss\u00e3o Especial de Licita\u00e7\u00e3o do IF Baiano Campus Bom Jesus da Lapa torna p\u00fablico a ata de abertura de proposta dos licitantes que diz respeito \u00e0 Tomada de Pre\u00e7os 01\/2020, para a Contrata\u00e7\u00e3o de Empresa para a execu\u00e7\u00e3o do Projeto de Preven\u00e7\u00e3o e Combate contra Inc\u00eancio e Controle de P\u00e2nico, Referetne \u00e0 adequa\u00e7\u00e3o das instala\u00e7\u00f5es [&hellip;]<\/p>\n","protected":false},"author":100,"featured_media":0,"comment_status":"open","ping_status":"open","sticky":false,"template":"","format":"standard","meta":[],"categories":[64,26,103,65],"tags":[],"_links":{"self":[{"href":"https:\/\/www.ifbaiano.edu.br\/unidades\/lapa\/wp-json\/wp\/v2\/posts\/18319"}],"collection":[{"href":"https:\/\/www.ifbaiano.edu.br\/unidades\/lapa\/wp-json\/wp\/v2\/posts"}],"about":[{"href":"https:\/\/www.ifbaiano.edu.br\/unidades\/lapa\/wp-json\/wp\/v2\/types\/post"}],"author":[{"embeddable":true,"href":"https:\/\/www.ifbaiano.edu.br\/unidades\/lapa\/wp-json\/wp\/v2\/users\/100"}],"replies":[{"embeddable":true,"href":"https:\/\/www.ifbaiano.edu.br\/unidades\/lapa\/wp-json\/wp\/v2\/comments?post=18319"}],"version-history":[{"count":7,"href":"https:\/\/www.ifbaiano.edu.br\/unidades\/lapa\/wp-json\/wp\/v2\/posts\/18319\/revisions"}],"predecessor-version":[{"id":18488,"href":"https:\/\/www.ifbaiano.edu.br\/unidades\/lapa\/wp-json\/wp\/v2\/posts\/18319\/revisions\/18488"}],"wp:attachment":[{"href":"https:\/\/www.ifbaiano.edu.br\/unidades\/lapa\/wp-json\/wp\/v2\/media?parent=18319"}],"wp:term":[{"taxonomy":"category","embeddable":true,"href":"https:\/\/www.ifbaiano.edu.br\/unidades\/lapa\/wp-json\/wp\/v2\/categories?post=18319"},{"taxonomy":"post_tag","embeddable":true,"href":"https:\/\/www.ifbaiano.edu.br\/unidades\/lapa\/wp-json\/wp\/v2\/tags?post=18319"}],"curies":[{"name":"wp","href":"https:\/\/api.w.org\/{rel}","templated":true}]}}