{"id":18328,"date":"2020-11-27T11:54:44","date_gmt":"2020-11-27T14:54:44","guid":{"rendered":"https:\/\/www.ifbaiano.edu.br\/unidades\/lapa\/?p=18328"},"modified":"2020-11-27T11:56:06","modified_gmt":"2020-11-27T14:56:06","slug":"dedin-de-prosa-analise-das-eleicoes-municipais-2020","status":"publish","type":"post","link":"https:\/\/www.ifbaiano.edu.br\/unidades\/lapa\/2020\/11\/27\/dedin-de-prosa-analise-das-eleicoes-municipais-2020\/","title":{"rendered":"Dedin de Prosa &#8211; An\u00e1lise das Elei\u00e7\u00f5es municipais 2020"},"content":{"rendered":"\n<p align=\"justify\">No d\u00e9cimo terceiro epis\u00f3dio da segunda temporada do Dedin de Prosa, o professor Euvaldo Cotinguiba Gomes, docente de Filosofia do Campus Itapetinga, faz uma an\u00e1lise de conjuntura do primeiro turno das elei\u00e7\u00f5es municipais de 2020. N\u00e3o deixem de ouvir essa interessante leitura das tend\u00eancias adotadas neste pleito eleitoral at\u00edpico de 2020.<\/p>\n<p>Clique na imagem para ouvir.<\/p>\n\n\n\n<figure class=\"wp-block-image size-large\"><a href=\"https:\/\/anchor.fm\/dedin-de-prosa\/episodes\/Episdio-13---Anlise-das-Eleies-municipais-2020-en1pdb\/a-a2r158p\" target=\"_blank\" rel=\"noopener noreferrer\"><img decoding=\"async\" loading=\"lazy\" width=\"1080\" height=\"1080\" src=\"https:\/\/www.ifbaiano.edu.br\/unidades\/lapa\/files\/2020\/06\/dedin-de-prosa-lapa-itapetinga.png\" alt=\"Dedin de Prosa - An\u00e1lise das Elei\u00e7\u00f5es municipais 2020\" class=\"wp-image-16271\"><\/a><figcaption>Dedin de Prosa<\/figcaption><\/figure>\n","protected":false},"excerpt":{"rendered":"<p>No d\u00e9cimo terceiro epis\u00f3dio da segunda temporada do Dedin de Prosa, o professor Euvaldo Cotinguiba Gomes, docente de Filosofia do Campus Itapetinga, faz uma an\u00e1lise de conjuntura do primeiro turno das elei\u00e7\u00f5es municipais de 2020. N\u00e3o deixem de ouvir essa interessante leitura das tend\u00eancias adotadas neste pleito eleitoral at\u00edpico de 2020. Clique na imagem para [&hellip;]<\/p>\n","protected":false},"author":100,"featured_media":16271,"comment_status":"open","ping_status":"open","sticky":false,"template":"","format":"standard","meta":[],"categories":[64,24,40,65],"tags":[],"_links":{"self":[{"href":"https:\/\/www.ifbaiano.edu.br\/unidades\/lapa\/wp-json\/wp\/v2\/posts\/18328"}],"collection":[{"href":"https:\/\/www.ifbaiano.edu.br\/unidades\/lapa\/wp-json\/wp\/v2\/posts"}],"about":[{"href":"https:\/\/www.ifbaiano.edu.br\/unidades\/lapa\/wp-json\/wp\/v2\/types\/post"}],"author":[{"embeddable":true,"href":"https:\/\/www.ifbaiano.edu.br\/unidades\/lapa\/wp-json\/wp\/v2\/users\/100"}],"replies":[{"embeddable":true,"href":"https:\/\/www.ifbaiano.edu.br\/unidades\/lapa\/wp-json\/wp\/v2\/comments?post=18328"}],"version-history":[{"count":2,"href":"https:\/\/www.ifbaiano.edu.br\/unidades\/lapa\/wp-json\/wp\/v2\/posts\/18328\/revisions"}],"predecessor-version":[{"id":18330,"href":"https:\/\/www.ifbaiano.edu.br\/unidades\/lapa\/wp-json\/wp\/v2\/posts\/18328\/revisions\/18330"}],"wp:featuredmedia":[{"embeddable":true,"href":"https:\/\/www.ifbaiano.edu.br\/unidades\/lapa\/wp-json\/wp\/v2\/media\/16271"}],"wp:attachment":[{"href":"https:\/\/www.ifbaiano.edu.br\/unidades\/lapa\/wp-json\/wp\/v2\/media?parent=18328"}],"wp:term":[{"taxonomy":"category","embeddable":true,"href":"https:\/\/www.ifbaiano.edu.br\/unidades\/lapa\/wp-json\/wp\/v2\/categories?post=18328"},{"taxonomy":"post_tag","embeddable":true,"href":"https:\/\/www.ifbaiano.edu.br\/unidades\/lapa\/wp-json\/wp\/v2\/tags?post=18328"}],"curies":[{"name":"wp","href":"https:\/\/api.w.org\/{rel}","templated":true}]}}