{"id":1843,"date":"2014-01-31T18:32:40","date_gmt":"2014-01-31T20:32:40","guid":{"rendered":"http:\/\/www.ifbaiano.edu.br\/unidades\/lapa\/?p=1843"},"modified":"2014-01-31T18:37:39","modified_gmt":"2014-01-31T20:37:39","slug":"matriculas-dos-aprovados-processo-seletivo-2014-1","status":"publish","type":"post","link":"https:\/\/www.ifbaiano.edu.br\/unidades\/lapa\/2014\/01\/31\/matriculas-dos-aprovados-processo-seletivo-2014-1\/","title":{"rendered":"Matr\u00edculas dos Aprovados &#8211; Processo Seletivo 2014.1"},"content":{"rendered":"<p>Confira abaixo edital de matr\u00edcula dos aprovados no Processo Seletivo 2014.1, bem como rela\u00e7\u00e3o de convocados em primeira chamada.<\/p>\n<p><!--more--><a href=\"http:\/\/concurso.ifbaiano.edu.br\/portal\/discente20141\/wp-content\/uploads\/sites\/6\/2014\/01\/Campus-Bom-Jesus-da-Lapa.pdf\" target=\"_blank\">EDITAL DE MATR\u00cdCULA<\/a><\/p>\n<p><a href=\"http:\/\/www.ifbaiano.edu.br\/unidades\/lapa\/files\/2014\/01\/convocacao.pdf\" target=\"_blank\">RELA\u00c7\u00c3O DE CONVOCADOS EM PRIMEIRA CHAMADA<\/a><\/p>\n<p>&nbsp;<\/p>\n<ul>\n<li><strong>Per\u00edodo de Matr\u00edculas<\/strong><span style=\"font-size: 13px\">: 04 a 07 de fevereiro de 2014.<\/span><\/li>\n<li><strong>Hor\u00e1rio:<\/strong><span style=\"font-size: 13px\"> 8:00 \u00e1s 11:00 horas; 14:00 \u00e1s 17:00 horas; 19:00 \u00e0s 21:30 horas.<\/span><\/li>\n<li><strong>Local:<\/strong><span style=\"font-size: 13px\"> Secretaria de Registros Acad\u00eamicos<\/span><\/li>\n<\/ul>\n<p><strong>DOCUMENTOS NECESS\u00c1RIOS:<\/strong><\/p>\n<p>No ato da matr\u00edcula, o candidato dever\u00e1 preencher a ficha de cadastro fornecida pela SRA e o Question\u00e1rio Socioecon\u00f4mico e apresentar original e c\u00f3pia dos seguintes documentos:<\/p>\n<p>a) Hist\u00f3rico Escolar do Ensino M\u00e9dio e\/ou Atestado de Conclus\u00e3o (provisoriamente), emitido por Institui\u00e7\u00e3o Oficial de Ensino;<\/p>\n<p>b) Carteira de Identidade &#8211; RG e Cadastro de Pessoa F\u00edsica &#8211; CPF;<\/p>\n<p>c) Certid\u00e3o de Nascimento ou Casamento;<\/p>\n<p>d) T\u00edtulo de Eleitor e Certid\u00e3o de Quita\u00e7\u00e3o Eleitoral, para maiores de 18 anos (solicitar no cart\u00f3rio eleitoral ou no site: <a href=\"http:\/\/www.tre-ba.gov.br\/\">www.tre-ba.gov.br<\/a>).<\/p>\n<p>e) Documento comprobat\u00f3rio de regularidade com o Servi\u00e7o Militar, para os alunos a partir dos 18 (dezoito) anos do sexo masculino;<\/p>\n<p>f) Procura\u00e7\u00e3o com firma reconhecida, quando a matr\u00edcula for efetuada por terceiros;<\/p>\n<p>g) Comprovante de Resid\u00eancia;<\/p>\n<p>h) 06 (seis) fotos 3&#215;4 iguais e recentes;<\/p>\n<p>i) CPF e RG dos respons\u00e1veis pelos menores de 18 (dezoito anos);<\/p>\n<p>j) Certifica\u00e7\u00e3o de Conclus\u00e3o do Ensino M\u00e9dio com base nas notas do Exame Nacional do Ensino M\u00e9dio \u2013 ENEM, se for o caso.<\/p>\n<p>&nbsp;<\/p>\n<p>&nbsp;<\/p>\n<p>&nbsp;<\/p>\n<p>&nbsp;<\/p>\n","protected":false},"excerpt":{"rendered":"<p>Confira abaixo edital de matr\u00edcula dos aprovados no Processo Seletivo 2014.1, bem como rela\u00e7\u00e3o de convocados em primeira chamada.<\/p>\n","protected":false},"author":41,"featured_media":0,"comment_status":"open","ping_status":"open","sticky":false,"template":"","format":"standard","meta":[],"categories":[1],"tags":[],"_links":{"self":[{"href":"https:\/\/www.ifbaiano.edu.br\/unidades\/lapa\/wp-json\/wp\/v2\/posts\/1843"}],"collection":[{"href":"https:\/\/www.ifbaiano.edu.br\/unidades\/lapa\/wp-json\/wp\/v2\/posts"}],"about":[{"href":"https:\/\/www.ifbaiano.edu.br\/unidades\/lapa\/wp-json\/wp\/v2\/types\/post"}],"author":[{"embeddable":true,"href":"https:\/\/www.ifbaiano.edu.br\/unidades\/lapa\/wp-json\/wp\/v2\/users\/41"}],"replies":[{"embeddable":true,"href":"https:\/\/www.ifbaiano.edu.br\/unidades\/lapa\/wp-json\/wp\/v2\/comments?post=1843"}],"version-history":[{"count":4,"href":"https:\/\/www.ifbaiano.edu.br\/unidades\/lapa\/wp-json\/wp\/v2\/posts\/1843\/revisions"}],"predecessor-version":[{"id":1847,"href":"https:\/\/www.ifbaiano.edu.br\/unidades\/lapa\/wp-json\/wp\/v2\/posts\/1843\/revisions\/1847"}],"wp:attachment":[{"href":"https:\/\/www.ifbaiano.edu.br\/unidades\/lapa\/wp-json\/wp\/v2\/media?parent=1843"}],"wp:term":[{"taxonomy":"category","embeddable":true,"href":"https:\/\/www.ifbaiano.edu.br\/unidades\/lapa\/wp-json\/wp\/v2\/categories?post=1843"},{"taxonomy":"post_tag","embeddable":true,"href":"https:\/\/www.ifbaiano.edu.br\/unidades\/lapa\/wp-json\/wp\/v2\/tags?post=1843"}],"curies":[{"name":"wp","href":"https:\/\/api.w.org\/{rel}","templated":true}]}}