{"id":18487,"date":"2020-12-01T09:52:55","date_gmt":"2020-12-01T12:52:55","guid":{"rendered":"https:\/\/www.ifbaiano.edu.br\/unidades\/lapa\/?p=18487"},"modified":"2020-12-01T10:50:37","modified_gmt":"2020-12-01T13:50:37","slug":"resultado-julgamento-propostas-tomada-precos-01-2020","status":"publish","type":"post","link":"https:\/\/www.ifbaiano.edu.br\/unidades\/lapa\/2020\/12\/01\/resultado-julgamento-propostas-tomada-precos-01-2020\/","title":{"rendered":"Resultado de Julgamento \u2013 Propostas \u2013 Tomada de Pre\u00e7os n\u00ba 01\/2020"},"content":{"rendered":"\n<p align=\"justify\">A Comiss\u00e3o Especial de Licita\u00e7\u00e3o do IF Baiano&nbsp;campus Bom Jesus da Lapa torna p\u00fablico a&nbsp;<strong>ata de julgamento das propostas dos licitantes<\/strong>,<strong>&nbsp;o&nbsp;extrato da publica\u00e7\u00e3o no DOU<\/strong>&nbsp;&nbsp;e as propostas&nbsp; que diz respeito \u00e0 Tomada de Pre\u00e7os 01\/2020, para a <span>Contrata\u00e7\u00e3o de Empresa para a Execu\u00e7\u00e3o do Projeto de Preven\u00e7\u00e3o e Combate contra Inc\u00eancio e Controle de P\u00e2nico, referente \u00e0 Adequa\u00e7\u00e3o das Instala\u00e7\u00f5es do Instituto Federal Baiano &#8211; <em>Campus<\/em> Bom Jesus da Lapa<\/span>.<\/p>\n\n\n\n<p align=\"justify\">Os interessados podem interpor recursos, pertinentes a essa fase, no prazo de cinco dias \u00fateis, a contar da data da efetiva publica\u00e7\u00e3o do extrato deste julgamento, de forma presencial na sede do Instituto ou por meio dos e-mails:&nbsp;licitacoesbjl@gmail.com&nbsp;ou&nbsp;licitacoes@lapa.ifbaiano.edu.br.<\/p>\n\n\n\n<div class=\"wp-block-file\"><a href=\"https:\/\/www.ifbaiano.edu.br\/unidades\/lapa\/files\/2020\/12\/ata-sessao-tomada-precos-01-2020.pdf\" target=\"_blank\" rel=\"noreferrer noopener\">Ata de Julgamento das Propostas dos Licitantes (Documento pdf, abre em nova aba)<\/a><\/div>\n\n\n\n<div class=\"wp-block-file\"><a href=\"https:\/\/www.ifbaiano.edu.br\/unidades\/lapa\/files\/2020\/12\/resultado-julgamento-DOU-tomada-preco-01-2020.pdf\" target=\"_blank\" rel=\"noreferrer noopener\">Extrato da Publica\u00e7\u00e3o no DOU (Documento pdf, abre em nova aba)<\/a><\/div>\n\n\n\n<div class=\"wp-block-file\"><a href=\"https:\/\/www.ifbaiano.edu.br\/unidades\/lapa\/files\/2020\/12\/documentacao-proposta-anexos-thalassa.pdf\" target=\"_blank\" rel=\"noreferrer noopener\">Documenta\u00e7\u00e3o, Proposta e Anexos &#8211; Thalassa Constru\u00e7\u00f5es (Documento pdf, abre em nova aba)<\/a><\/div>\n\n\n\n<div class=\"wp-block-file\"><a href=\"https:\/\/www.ifbaiano.edu.br\/unidades\/lapa\/files\/2020\/12\/documentacao-proposta-anexos-elis.pdf\" target=\"_blank\" rel=\"noreferrer noopener\">Documenta\u00e7\u00e3o, Proposta e Anexos &#8211; Elis Constru\u00e7\u00f5es, Terraplanagem e Transporte Ltda &#8211; ME (Documento pdf, abre em nova aba)<\/a><\/div>\n","protected":false},"excerpt":{"rendered":"<p>A Comiss\u00e3o Especial de Licita\u00e7\u00e3o do IF Baiano&nbsp;campus Bom Jesus da Lapa torna p\u00fablico a&nbsp;ata de julgamento das propostas dos licitantes,&nbsp;o&nbsp;extrato da publica\u00e7\u00e3o no DOU&nbsp;&nbsp;e as propostas&nbsp; que diz respeito \u00e0 Tomada de Pre\u00e7os 01\/2020, para a Contrata\u00e7\u00e3o de Empresa para a Execu\u00e7\u00e3o do Projeto de Preven\u00e7\u00e3o e Combate contra Inc\u00eancio e Controle de P\u00e2nico, [&hellip;]<\/p>\n","protected":false},"author":100,"featured_media":0,"comment_status":"open","ping_status":"open","sticky":false,"template":"","format":"standard","meta":[],"categories":[64,26,103,65],"tags":[],"_links":{"self":[{"href":"https:\/\/www.ifbaiano.edu.br\/unidades\/lapa\/wp-json\/wp\/v2\/posts\/18487"}],"collection":[{"href":"https:\/\/www.ifbaiano.edu.br\/unidades\/lapa\/wp-json\/wp\/v2\/posts"}],"about":[{"href":"https:\/\/www.ifbaiano.edu.br\/unidades\/lapa\/wp-json\/wp\/v2\/types\/post"}],"author":[{"embeddable":true,"href":"https:\/\/www.ifbaiano.edu.br\/unidades\/lapa\/wp-json\/wp\/v2\/users\/100"}],"replies":[{"embeddable":true,"href":"https:\/\/www.ifbaiano.edu.br\/unidades\/lapa\/wp-json\/wp\/v2\/comments?post=18487"}],"version-history":[{"count":8,"href":"https:\/\/www.ifbaiano.edu.br\/unidades\/lapa\/wp-json\/wp\/v2\/posts\/18487\/revisions"}],"predecessor-version":[{"id":18513,"href":"https:\/\/www.ifbaiano.edu.br\/unidades\/lapa\/wp-json\/wp\/v2\/posts\/18487\/revisions\/18513"}],"wp:attachment":[{"href":"https:\/\/www.ifbaiano.edu.br\/unidades\/lapa\/wp-json\/wp\/v2\/media?parent=18487"}],"wp:term":[{"taxonomy":"category","embeddable":true,"href":"https:\/\/www.ifbaiano.edu.br\/unidades\/lapa\/wp-json\/wp\/v2\/categories?post=18487"},{"taxonomy":"post_tag","embeddable":true,"href":"https:\/\/www.ifbaiano.edu.br\/unidades\/lapa\/wp-json\/wp\/v2\/tags?post=18487"}],"curies":[{"name":"wp","href":"https:\/\/api.w.org\/{rel}","templated":true}]}}